{"id":66730,"date":"2024-03-28T09:30:00","date_gmt":"2024-03-28T15:30:00","guid":{"rendered":"http:\/\/www.zonaroja.com.mx\/?p=66730"},"modified":"2024-03-28T06:47:32","modified_gmt":"2024-03-28T12:47:32","slug":"habra-continuidad-de-la-cuarta-transformacion-con-claudia-sheinbaum-nino","status":"publish","type":"post","link":"https:\/\/zonaroja.com.mx\/?p=66730","title":{"rendered":"Habr\u00e1 continuidad de la Cuarta Transformaci\u00f3n con Claudia Sheinbaum: Nino"},"content":{"rendered":"\n<p>Raymundo Morales\/Zona Roja.<\/p>\n\n\n\n<p>Oaxaca de Ju\u00e1rez, Oax., a 28 de marzo de 2024.- Al acompa\u00f1ar a la candidata presidencial a todos sus actos en Oaxaca durante dos d\u00edas, el aspirante al Senado por el Partido Morena, Antonino Morales, asegur\u00f3 que con Claudia Sheinbaum, la consolidaci\u00f3n de la Cuarta Transformaci\u00f3n est\u00e1 garantizada.<\/p>\n\n\n\n<p>El pol\u00edtico istme\u00f1o, ind\u00edgena zapoteca originario de San Blas Atempa, acompa\u00f1\u00f3 a la ex jefa de Gobierno a todos los actos pol\u00edticos que tuvo en la ciudad de Oaxaca, Tlacolula de Matamoros, Miahuatl\u00e1n de Porfirio D\u00edaz, Puerto Escondido y Huatulco.<\/p>\n\n\n\n<p>\u201cSeguimos caminando seguros y firmes hacia la transformaci\u00f3n\u201d, asever\u00f3 Nino Morales, al reiterar el respaldo de los oaxaque\u00f1os a la pr\u00f3xima Presidenta de M\u00e9xico.<\/p>\n\n\n\n<p>El joven ind\u00edgena y fundador de Morena agradeci\u00f3 el gran recibimiento que han tenido en las poblaciones que se han visitado en el estado, en donde hombres &nbsp;mujeres, j\u00f3venes y personas adultas mayores, les regalan su cari\u00f1o y apoyo en este periodo de campa\u00f1a.<\/p>\n\n\n\n<p>Nino Morales se\u00f1al\u00f3 que el pueblo ya eligi\u00f3 como su pr\u00f3xima Presidenta a Claudia Sheinbaum, mujer transformadora, confiable, transparente, sensible &nbsp;y con una gran capacidad para dirigir los destinos de M\u00e9xico y consolidar junto con el pueblo el Segundo Piso de la Transformaci\u00f3n.<\/p>\n\n\n\n<p>Antonino Morales Toledo estuvo presente en todas las actividades que encabez\u00f3 la candidata presidencial de la coalici\u00f3n \u201cSigamos Haciendo Historia\u201d, tanto en los Valles Centrales, como en la Sierra Sur y Costa del estado, en donde tambi\u00e9n fue recibido con mucho cari\u00f1o por las y los pobladores a quienes tambi\u00e9n agradeci\u00f3 todo su apoyo.<\/p>\n","protected":false},"excerpt":{"rendered":"<p>Raymundo Morales\/Zona Roja. Oaxaca de Ju\u00e1rez, Oax., a 28 de marzo de 2024.- Al acompa\u00f1ar&hellip;<\/p>\n","protected":false},"author":2,"featured_media":66731,"comment_status":"closed","ping_status":"open","sticky":false,"template":"","format":"standard","meta":{"_lmt_disableupdate":"","_lmt_disable":"","_jetpack_memberships_contains_paid_content":false,"footnotes":""},"categories":[109,46],"tags":[180],"class_list":["post-66730","post","type-post","status-publish","format-standard","has-post-thumbnail","hentry","category-minuto-a-minuto","category-zona-blanca","tag-antonino-morales-toledo"],"jetpack_featured_media_url":"https:\/\/zonaroja.com.mx\/wp-content\/uploads\/2024\/03\/Antonino-Morales-y-Claudia-Sheinbaum.jpeg","jetpack_sharing_enabled":true,"_links":{"self":[{"href":"https:\/\/zonaroja.com.mx\/index.php?rest_route=\/wp\/v2\/posts\/66730","targetHints":{"allow":["GET"]}}],"collection":[{"href":"https:\/\/zonaroja.com.mx\/index.php?rest_route=\/wp\/v2\/posts"}],"about":[{"href":"https:\/\/zonaroja.com.mx\/index.php?rest_route=\/wp\/v2\/types\/post"}],"author":[{"embeddable":true,"href":"https:\/\/zonaroja.com.mx\/index.php?rest_route=\/wp\/v2\/users\/2"}],"replies":[{"embeddable":true,"href":"https:\/\/zonaroja.com.mx\/index.php?rest_route=%2Fwp%2Fv2%2Fcomments&post=66730"}],"version-history":[{"count":1,"href":"https:\/\/zonaroja.com.mx\/index.php?rest_route=\/wp\/v2\/posts\/66730\/revisions"}],"predecessor-version":[{"id":66732,"href":"https:\/\/zonaroja.com.mx\/index.php?rest_route=\/wp\/v2\/posts\/66730\/revisions\/66732"}],"wp:featuredmedia":[{"embeddable":true,"href":"https:\/\/zonaroja.com.mx\/index.php?rest_route=\/wp\/v2\/media\/66731"}],"wp:attachment":[{"href":"https:\/\/zonaroja.com.mx\/index.php?rest_route=%2Fwp%2Fv2%2Fmedia&parent=66730"}],"wp:term":[{"taxonomy":"category","embeddable":true,"href":"https:\/\/zonaroja.com.mx\/index.php?rest_route=%2Fwp%2Fv2%2Fcategories&post=66730"},{"taxonomy":"post_tag","embeddable":true,"href":"https:\/\/zonaroja.com.mx\/index.php?rest_route=%2Fwp%2Fv2%2Ftags&post=66730"}],"curies":[{"name":"wp","href":"https:\/\/api.w.org\/{rel}","templated":true}]}}