{"id":66735,"date":"2024-03-28T08:30:00","date_gmt":"2024-03-28T14:30:00","guid":{"rendered":"http:\/\/www.zonaroja.com.mx\/?p=66735"},"modified":"2024-03-28T07:05:38","modified_gmt":"2024-03-28T13:05:38","slug":"asesinan-a-un-taxista-en-putla-villa-de-guerrero-oaxaca","status":"publish","type":"post","link":"https:\/\/zonaroja.com.mx\/?p=66735","title":{"rendered":"Asesinan a un taxista en Putla Villa de Guerrero, Oaxaca"},"content":{"rendered":"\n<p>Raymundo Morales\/Zona Roja.<\/p>\n\n\n\n<p>Oaxaca de Ju\u00e1rez, Oax., a 28 de marzo de 2024.- Un trabajador del volante fue asesinado en un restaurante, ubicado en Putla Villa de Guerreor, municipio de la regi\u00f3n Sierra Sur de Oaxaca.<\/p>\n\n\n\n<p>El taxista identificado como Francisco H.T., de 45 a\u00f1os de edad, consum\u00eda sus alimentos en el establecimiento, cuando ingres\u00f3 un sujeto con un arma de fuego y le dispar\u00f3 directamente, tras lo cual huy\u00f3 sin contratiempos.<\/p>\n\n\n\n<p>Personal param\u00e9dico arrib\u00f3 al sitio pero corrobor\u00f3 que no contaba con signos vitales, debido a la gravedad de las lesiones.<\/p>\n\n\n\n<p>Polic\u00edas municipales arribaron al sitio pero s\u00f3lo para resguardar la escena del crimen, mientras que elementos de la Fiscal\u00eda General del Estado iniciaron con las primeras indagatorias.<\/p>\n\n\n\n<p>Pese a que el crimen se cometi\u00f3 en una vialidad transitada, en el bulevar L\u00e1zaro C\u00e1rdenas, inmediaciones de la Escuela Normal, no hab\u00eda uniformados en la zona para buscar de inmediato al agresor.<\/p>\n\n\n\n<p>Seg\u00fan los primeros datos, la v\u00edctima era originaria de Concepci\u00f3n Carrizal, localidad perteneciente al municipio de Santiago Juxtlahuaca.<\/p>\n","protected":false},"excerpt":{"rendered":"<p>Raymundo Morales\/Zona Roja. Oaxaca de Ju\u00e1rez, Oax., a 28 de marzo de 2024.- Un trabajador&hellip;<\/p>\n","protected":false},"author":2,"featured_media":66737,"comment_status":"closed","ping_status":"open","sticky":false,"template":"","format":"standard","meta":{"_lmt_disableupdate":"","_lmt_disable":"","_jetpack_memberships_contains_paid_content":false,"footnotes":""},"categories":[109,51],"tags":[969],"class_list":["post-66735","post","type-post","status-publish","format-standard","has-post-thumbnail","hentry","category-minuto-a-minuto","category-zona-roja","tag-putla-villa-de-guerrero"],"jetpack_featured_media_url":"https:\/\/zonaroja.com.mx\/wp-content\/uploads\/2024\/03\/escena-violencia-asesinato.jpeg","jetpack_sharing_enabled":true,"_links":{"self":[{"href":"https:\/\/zonaroja.com.mx\/index.php?rest_route=\/wp\/v2\/posts\/66735","targetHints":{"allow":["GET"]}}],"collection":[{"href":"https:\/\/zonaroja.com.mx\/index.php?rest_route=\/wp\/v2\/posts"}],"about":[{"href":"https:\/\/zonaroja.com.mx\/index.php?rest_route=\/wp\/v2\/types\/post"}],"author":[{"embeddable":true,"href":"https:\/\/zonaroja.com.mx\/index.php?rest_route=\/wp\/v2\/users\/2"}],"replies":[{"embeddable":true,"href":"https:\/\/zonaroja.com.mx\/index.php?rest_route=%2Fwp%2Fv2%2Fcomments&post=66735"}],"version-history":[{"count":1,"href":"https:\/\/zonaroja.com.mx\/index.php?rest_route=\/wp\/v2\/posts\/66735\/revisions"}],"predecessor-version":[{"id":66738,"href":"https:\/\/zonaroja.com.mx\/index.php?rest_route=\/wp\/v2\/posts\/66735\/revisions\/66738"}],"wp:featuredmedia":[{"embeddable":true,"href":"https:\/\/zonaroja.com.mx\/index.php?rest_route=\/wp\/v2\/media\/66737"}],"wp:attachment":[{"href":"https:\/\/zonaroja.com.mx\/index.php?rest_route=%2Fwp%2Fv2%2Fmedia&parent=66735"}],"wp:term":[{"taxonomy":"category","embeddable":true,"href":"https:\/\/zonaroja.com.mx\/index.php?rest_route=%2Fwp%2Fv2%2Fcategories&post=66735"},{"taxonomy":"post_tag","embeddable":true,"href":"https:\/\/zonaroja.com.mx\/index.php?rest_route=%2Fwp%2Fv2%2Ftags&post=66735"}],"curies":[{"name":"wp","href":"https:\/\/api.w.org\/{rel}","templated":true}]}}