{"id":66739,"date":"2024-03-28T10:30:00","date_gmt":"2024-03-28T16:30:00","guid":{"rendered":"http:\/\/www.zonaroja.com.mx\/?p=66739"},"modified":"2024-03-28T07:10:36","modified_gmt":"2024-03-28T13:10:36","slug":"derecho-de-replica-de-murat-sera-ante-el-ministerio-publico-xochitl","status":"publish","type":"post","link":"https:\/\/zonaroja.com.mx\/?p=66739","title":{"rendered":"Derecho de r\u00e9plica de Murat ser\u00e1 ante el Ministerio P\u00fablico: X\u00f3chitl"},"content":{"rendered":"\n<p>Redacci\u00f3n\/Zona Roja Cdmx.<\/p>\n\n\n\n<p>Ciudad de M\u00e9xico, a 28 de marzo de 2024.-\u201cAqu\u00ed no lo voy a dejar pasar\u201d, dijo X\u00f3chitl G\u00e1lvez Ruiz en plena conferencia de prensa, ante los intentos que el exgobernador de Oaxaca, Alejandro Murat Hinojosa, hac\u00eda para ser recibido y expresar su derecho de r\u00e9plica.&nbsp;<\/p>\n\n\n\n<p>Y no s\u00f3lo eso, la candidata a la Presidencia de la alianza opositora \u201cFuerza y Coraz\u00f3n por M\u00e9xico\u201d, adelant\u00f3 que su equipo de campa\u00f1a interpondr\u00e1 una denuncia contra el exmandatario para que el derecho que solicita lo haga valer ante el Ministerio P\u00fablico.<\/p>\n\n\n\n<p>En tono molesto por lo que suced\u00eda afuera del recinto en donde emit\u00eda su discurso diario de \u201cSin Miedo a la Verdad\u201d, X\u00f3chitl G\u00e1lvez le recomend\u00f3 a Murat Hinojosa que se fuera con su jefa, Claudia Sheinbaum Pardo, (rival en la boleta electoral), al tiempo que arremeti\u00f3 en contra del exfuncionario al acusarlo de saquear el estado de Oaxaca y al Infonavit con 5 mil millones de pesos.<\/p>\n\n\n\n<p>Sin pruebas claras, pero con opiniones personales, la abanderada del PRI, PAN y PRD, atribuy\u00f3 una de estas acusaciones al actual gobernador oaxaque\u00f1o y exsenador de la Rep\u00fablica, Salom\u00f3n Jara.<\/p>\n\n\n\n<p>\u201cTodo esto que yo digo lo dec\u00eda Salom\u00f3n Jara en el Senado de la Rep\u00fablica\u2026 Yo s\u00f3lo repito lo que Salom\u00f3n Jara dec\u00eda, que ese terreno en donde hoy est\u00e1 Claudia (Sheinbaum) se lo rob\u00f3 al estado, palabras de Salom\u00f3n Jara\u2026 Que (Murat) hab\u00eda pedido un cr\u00e9dito de 3 mil 500 millones de pesos para hacer un centro de convenciones que no est\u00e1 operante y que s\u00f3lo tiene publicidad de Sheinbaum\u201d, asever\u00f3.<\/p>\n\n\n\n<p>Al reiterar que ella no estaba mintiendo, pero reconocer que el caso \u201cnunca qued\u00f3 claro\u201d y hacer suposiciones desde su punto de vista personal, X\u00f3chitl G\u00e1lvez hizo menci\u00f3n sobre el desfalco en Infonavit, instituto en el que Alejandro Murat fue director durante el sexenio de Enrique Pe\u00f1a Nieto.<\/p>\n\n\n\n<p>\u201cYo no he dicho nada que no sea cierto, los 5 mil millones de pesos del Infonavit quedaron tan claros que uno de los empresarios devolvi\u00f3 2 mil millones, eso no es mentira, eso existi\u00f3. El quebrant\u00f3 al Infonavit existi\u00f3 por el lado de dos directores que se echaron la culpa y que nunca qued\u00f3 claro, pero para m\u00ed los dos tienen que ver con ese quebranto\u201d, manifest\u00f3.<\/p>\n\n\n\n<p>La exsenadora panista anunci\u00f3 que su equipo de campa\u00f1a presentar\u00e1 &nbsp;una denuncia penal contra Alejandro Murat \u201cpor los hechos que en su momento denunci\u00f3 el gobernador Salom\u00f3n Jara, no yo\u2026 Su derecho de r\u00e9plica lo ejercer\u00e1 cuando el Ministerio P\u00fablico lo llam\u00e9 a declarar\u201d.<\/p>\n\n\n\n<p>(Informaci\u00f3n del Diario de M\u00e9xico)<\/p>\n","protected":false},"excerpt":{"rendered":"<p>Redacci\u00f3n\/Zona Roja Cdmx. Ciudad de M\u00e9xico, a 28 de marzo de 2024.-\u201cAqu\u00ed no lo voy&hellip;<\/p>\n","protected":false},"author":2,"featured_media":66740,"comment_status":"closed","ping_status":"open","sticky":false,"template":"","format":"standard","meta":{"_lmt_disableupdate":"","_lmt_disable":"","_jetpack_memberships_contains_paid_content":false,"footnotes":""},"categories":[109,47],"tags":[173,3601],"class_list":["post-66739","post","type-post","status-publish","format-standard","has-post-thumbnail","hentry","category-minuto-a-minuto","category-zona-gris","tag-alejandro-murat-hinojosa","tag-xochitl-galvez-ruiz"],"jetpack_featured_media_url":"https:\/\/zonaroja.com.mx\/wp-content\/uploads\/2024\/03\/Xochitl-Galvez-y-Alejandro-Murat.webp","jetpack_sharing_enabled":true,"_links":{"self":[{"href":"https:\/\/zonaroja.com.mx\/index.php?rest_route=\/wp\/v2\/posts\/66739","targetHints":{"allow":["GET"]}}],"collection":[{"href":"https:\/\/zonaroja.com.mx\/index.php?rest_route=\/wp\/v2\/posts"}],"about":[{"href":"https:\/\/zonaroja.com.mx\/index.php?rest_route=\/wp\/v2\/types\/post"}],"author":[{"embeddable":true,"href":"https:\/\/zonaroja.com.mx\/index.php?rest_route=\/wp\/v2\/users\/2"}],"replies":[{"embeddable":true,"href":"https:\/\/zonaroja.com.mx\/index.php?rest_route=%2Fwp%2Fv2%2Fcomments&post=66739"}],"version-history":[{"count":1,"href":"https:\/\/zonaroja.com.mx\/index.php?rest_route=\/wp\/v2\/posts\/66739\/revisions"}],"predecessor-version":[{"id":66741,"href":"https:\/\/zonaroja.com.mx\/index.php?rest_route=\/wp\/v2\/posts\/66739\/revisions\/66741"}],"wp:featuredmedia":[{"embeddable":true,"href":"https:\/\/zonaroja.com.mx\/index.php?rest_route=\/wp\/v2\/media\/66740"}],"wp:attachment":[{"href":"https:\/\/zonaroja.com.mx\/index.php?rest_route=%2Fwp%2Fv2%2Fmedia&parent=66739"}],"wp:term":[{"taxonomy":"category","embeddable":true,"href":"https:\/\/zonaroja.com.mx\/index.php?rest_route=%2Fwp%2Fv2%2Fcategories&post=66739"},{"taxonomy":"post_tag","embeddable":true,"href":"https:\/\/zonaroja.com.mx\/index.php?rest_route=%2Fwp%2Fv2%2Ftags&post=66739"}],"curies":[{"name":"wp","href":"https:\/\/api.w.org\/{rel}","templated":true}]}}