{"id":6674,"date":"2019-12-14T20:41:24","date_gmt":"2019-12-15T02:41:24","guid":{"rendered":"https:\/\/www.zonaroja.com.mx\/?p=6674"},"modified":"2019-12-14T20:41:33","modified_gmt":"2019-12-15T02:41:33","slug":"violencia-en-el-istmo-otra-vez-dos-homicidios-en-menos-de-12-horas","status":"publish","type":"post","link":"https:\/\/zonaroja.com.mx\/?p=6674","title":{"rendered":"Violencia en el Istmo otra vez: dos homicidios en menos de 12 horas"},"content":{"rendered":"\n<p>Redacci\u00f3n\/Zona Roja.<\/p>\n\n\n\n<p>Oaxaca de Ju\u00e1rez, Oax., 14 de diciembre de 2019.- En menos de 12 horas ocurrieron dos homicidios en la regi\u00f3n del Istmo de Tehuantepec. <\/p>\n\n\n\n<p>Cerca de las nueve de la noche de ayer viernes, en Salina Cruz se registr\u00f3 un asalto armado a un cami\u00f3n del transporte de pasajeros. <\/p>\n\n\n\n<p>Cuando intent\u00f3 oponerse al atraco, Eder H. M., de 38 a\u00f1os de edad, fue atacado a balazos; tras ser trasladado a un hospital, perdi\u00f3 la vida a causa de la gravedad de las heridas. <\/p>\n\n\n\n<p>La unidad asaltad ten\u00eda el n\u00famero econ\u00f3mico A-04 y transitaba sobre la carretera Trans\u00edsmica 185. <\/p>\n\n\n\n<p>Por otra parte, la ma\u00f1ana de este s\u00e1bado fue hallado muerto en su domicilio Rafael Rasgado L\u00f3pez, de 32 a\u00f1os de edad quien se desempe\u00f1aba como payaso con el alias \u201cEl Tamalito\u201d.<\/p>\n\n\n\n<p>Fue en su vivienda ubicada en la calle de Reforma esquina Morelos de Juchit\u00e1n, en que se localiz\u00f3 el cuero y la causa del deceso hasta ahora se desconoce. <\/p>\n","protected":false},"excerpt":{"rendered":"<p>Redacci\u00f3n\/Zona Roja. Oaxaca de Ju\u00e1rez, Oax., 14 de diciembre de 2019.- En menos de 12&hellip;<\/p>\n","protected":false},"author":2,"featured_media":6673,"comment_status":"closed","ping_status":"open","sticky":false,"template":"","format":"standard","meta":{"_lmt_disableupdate":"","_lmt_disable":"","_jetpack_memberships_contains_paid_content":false,"footnotes":""},"categories":[109,51],"tags":[1140,168],"class_list":["post-6674","post","type-post","status-publish","format-standard","has-post-thumbnail","hentry","category-minuto-a-minuto","category-zona-roja","tag-juchita-de-zaragoza","tag-salina-cruz"],"jetpack_featured_media_url":"https:\/\/zonaroja.com.mx\/wp-content\/uploads\/2019\/12\/img_8309.jpg","jetpack_sharing_enabled":true,"_links":{"self":[{"href":"https:\/\/zonaroja.com.mx\/index.php?rest_route=\/wp\/v2\/posts\/6674","targetHints":{"allow":["GET"]}}],"collection":[{"href":"https:\/\/zonaroja.com.mx\/index.php?rest_route=\/wp\/v2\/posts"}],"about":[{"href":"https:\/\/zonaroja.com.mx\/index.php?rest_route=\/wp\/v2\/types\/post"}],"author":[{"embeddable":true,"href":"https:\/\/zonaroja.com.mx\/index.php?rest_route=\/wp\/v2\/users\/2"}],"replies":[{"embeddable":true,"href":"https:\/\/zonaroja.com.mx\/index.php?rest_route=%2Fwp%2Fv2%2Fcomments&post=6674"}],"version-history":[{"count":1,"href":"https:\/\/zonaroja.com.mx\/index.php?rest_route=\/wp\/v2\/posts\/6674\/revisions"}],"predecessor-version":[{"id":6675,"href":"https:\/\/zonaroja.com.mx\/index.php?rest_route=\/wp\/v2\/posts\/6674\/revisions\/6675"}],"wp:featuredmedia":[{"embeddable":true,"href":"https:\/\/zonaroja.com.mx\/index.php?rest_route=\/wp\/v2\/media\/6673"}],"wp:attachment":[{"href":"https:\/\/zonaroja.com.mx\/index.php?rest_route=%2Fwp%2Fv2%2Fmedia&parent=6674"}],"wp:term":[{"taxonomy":"category","embeddable":true,"href":"https:\/\/zonaroja.com.mx\/index.php?rest_route=%2Fwp%2Fv2%2Fcategories&post=6674"},{"taxonomy":"post_tag","embeddable":true,"href":"https:\/\/zonaroja.com.mx\/index.php?rest_route=%2Fwp%2Fv2%2Ftags&post=6674"}],"curies":[{"name":"wp","href":"https:\/\/api.w.org\/{rel}","templated":true}]}}