{"id":66747,"date":"2024-03-28T02:06:00","date_gmt":"2024-03-28T08:06:00","guid":{"rendered":"http:\/\/www.zonaroja.com.mx\/?p=66747"},"modified":"2024-03-28T08:08:10","modified_gmt":"2024-03-28T14:08:10","slug":"opinion-dinamarca-en-la-fuente","status":"publish","type":"post","link":"https:\/\/zonaroja.com.mx\/?p=66747","title":{"rendered":"Opini\u00f3n. Dinamarca en la Fuente"},"content":{"rendered":"\n<p>N\u00e9stor Y. S\u00e1nchez Islas<\/p>\n\n\n\n<p>Dice el dicho: \u201ccuando quieras ocultar algo ponlo a la vista de todos\u201d. No lo hab\u00eda notado, pero todos los d\u00edas en la Fuente de las 8 Regiones miro al pasar a cientos de n\u00f3rdicos llegados de comunidades del interior de Oaxaca api\u00f1ados, por las ma\u00f1anas o por los noches, alrededor de alg\u00fan samaritano de buen coraz\u00f3n que les trae unos tamalitos para el desayuno o&nbsp;la&nbsp;cena&nbsp;mientras disfrutan la vista detr\u00e1s de ellos del blanco edificio que les recuerda las monta\u00f1as nevadas de Dinamarca, tierra de la que tenemos un pedacito aqu\u00ed, enfrente de la Escuela de Medicina.<\/p>\n\n\n\n<p>El extenso y esplendido trabajo de Nayeli Rold\u00e1n publicado en Animal Pol\u00edtico nos&nbsp;presenta la realidad: \u201cNo fuimos Dinamarca\u201d y para mostrarlo al mundo, se vino a recorrer&nbsp;Oaxaca para&nbsp;exhibir con orgullo nuestra n\u00f3rdica infraestructura sanitaria.<\/p>\n\n\n\n<p>Las historias de dolor abrazan el viejo hospital, ampliado, modificado y reacondicionado cientos de veces. En sus a\u00f1os mozos, hasta una fuente y un peque\u00f1o puente sobre de ella era el pasillo de entrada. Las prioridades pol\u00edticas prefirieron construir, por ejemplo, un fara\u00f3nico edificio para los in\u00fatiles diputados del Congreso local antes que hacer un nuevo hospital&nbsp;o mejorar el actual.<\/p>\n\n\n\n<p>Maquiavelo nos hizo ver que la moral y la pol\u00edtica no van de la mano, que las razones de Estado y la conservaci\u00f3n del poder justifican al pr\u00edncipe en su actuar torcido y traicionero, sin embargo, la bajeza del gobierno actual que us\u00f3 el dinero para su aeropuerto, su tren y su refiner\u00eda en lugar de comprar vacunas, medicamentos para ni\u00f1os con c\u00e1ncer a los que calific\u00f3 del golpistas y dejar de surtir millones de recetas en&nbsp;los \u00faltimos cinco a\u00f1os es equiparable al crimen b\u00edblico de Herodes. Basta con mirar los rostros de los familiares que duermen sobre sus n\u00f3rdicos cartones en las banquetas, bajo lluvia o fr\u00edo, para conocer la dimensi\u00f3n de la deshumanizaci\u00f3n de quienes se ufanan&nbsp;de ser los paradigmas del&nbsp;humanismo&nbsp;por excelencia.<\/p>\n\n\n\n<p>M\u00e9xico fue un pa\u00eds modelo a nivel mundial por lo que a vacunaci\u00f3n se refiere. Las intensas campa\u00f1as de sexenios pasados erradicaron enfermedades que hoy est\u00e1n de vuelta. Hubo durante casi 30 a\u00f1os una famosa \u201cSemana&nbsp;de vacunaci\u00f3n\u201d&nbsp;y las brigadas m\u00e9dicas iban de domicilio en domicilio. En este gobierno del pueblo y para el pueblo&nbsp;no hay m\u00e1s jornadas de vacunaci\u00f3n, es m\u00e1s, ni siquiera hay vacunas en las instituciones p\u00fablicas. Los padres que tienen la capacidad llevan a sus ni\u00f1os con m\u00e9dicos privados y&nbsp;pagan&nbsp;por vacunas que el gobierno deber\u00eda darles sin costo.<\/p>\n\n\n\n<p>El da\u00f1o a todos estos infantes no se ver\u00e1 ahora, lo padecer\u00e1n de por vida quienes no fueron vacunados a tiempo. Esos peque\u00f1os fueron condenados por alguien que dijo que primero eran ellos, pero una vez en la silla imperial, su prioridad&nbsp;fue&nbsp;su \u201cmovimiento\u201d y la conservaci\u00f3n del poder en manos de su camarilla a cualquier precio.&nbsp;La causa&nbsp;obradorista&nbsp;bien vale la pena&nbsp;para&nbsp;obligar a la&nbsp;abnegaci\u00f3n&nbsp;a&nbsp;millones de mexicanosen pobreza<\/p>\n\n\n\n<p>Las cifras&nbsp;que nos&nbsp;da Nayeli Rold\u00e1n son catastr\u00f3ficas. Dejaron sin consulta m\u00e9dica al 46% de los pobres, es decir,&nbsp;a 44 millones de mexicanos y negaron cirug\u00edas a m\u00e1s de medio mill\u00f3n. A estas alturas, muchos de ellos deben estar muertos.&nbsp;El recorte&nbsp;del 82% del presupuesto&nbsp;para materiales, accesorios y suministros signific\u00f3 que no hay papel ni para escribir las recetas m\u00e9dicas o resultados de laboratorio.&nbsp;A los m\u00e9dicos les limitaron los desechables, materiales de curaci\u00f3n o batas, las camas se quedaron sin s\u00e1banas y las ventanas sin cortinas.&nbsp;Dejaron sin jeringas especiales para insulina a los pacientes y hasta sin equipos para transfusiones de sangre en hospitales de la Cdmx.<\/p>\n\n\n\n<p>Si bien&nbsp;el IMSS e ISSSTE locales todav\u00eda no son Dinamarca, est\u00e1n muy cerca de serlo. A las 5 de la ma\u00f1ana, con fr\u00edo, calor o lluvia, ya hay gente formada afuera de esos hospitales para pedir alguna cita&nbsp;que, con toda probabilidad, ser\u00e1 otorgada para d\u00edas o semanas posteriores.<\/p>\n\n\n\n<p>El desastre es total y como ocurrencia estatal, presumen la apertura de tres farmacias para atender a la poblaci\u00f3n.&nbsp;Las del doctor Simi, que hay una casi en cada esquina no se dan abasto, imaginen ustedes que el gobierno cree que con tres podr\u00e1. Eso s\u00ed, para ser atendido en esas farmacias del Estado, hay que ir preparado con copias del INE, de la CURP, del acta de nacimiento, cartilla de vacunaci\u00f3n y, en una de esas,&nbsp;un certificado de no adeudos.<\/p>\n\n\n\n<p>Las consecuencias de esta&nbsp;mala pol\u00edtica salud, que incluy\u00f3 traer m\u00e9dicos cubanos, la padecen directamente quienes han necesitado los servicios m\u00e9dicos. Desde&nbsp;quienes&nbsp;padecen&nbsp;enfermedades cr\u00f3nicas hasta quienes han sufrido emergencias por un accidente. Las personas no son objetos desechables ni activos comerciales, tiene derechos y, el derecho a la salud y la vida es uno de ellos, por lo que darles atenci\u00f3n&nbsp;oportuna&nbsp;es una obligaci\u00f3n del Estado y no una graciosa concesi\u00f3n&nbsp;de los pol\u00edticos.<\/p>\n\n\n\n<p>Sonr\u00eda cuando pase por el Hospital Civil, ah\u00ed tenemos&nbsp;nuestra&nbsp;peque\u00f1a Dinamarca.<\/p>\n\n\n\n<p>nestoryuri@yahoo.com<\/p>\n","protected":false},"excerpt":{"rendered":"<p>N\u00e9stor Y. S\u00e1nchez Islas Dice el dicho: \u201ccuando quieras ocultar algo ponlo a la vista&hellip;<\/p>\n","protected":false},"author":2,"featured_media":41861,"comment_status":"closed","ping_status":"open","sticky":false,"template":"","format":"standard","meta":{"_lmt_disableupdate":"","_lmt_disable":"","_jetpack_memberships_contains_paid_content":false,"footnotes":""},"categories":[456,109],"tags":[3050],"class_list":["post-66747","post","type-post","status-publish","format-standard","has-post-thumbnail","hentry","category-columna","category-minuto-a-minuto","tag-nestor-yuri-sanchez"],"jetpack_featured_media_url":"https:\/\/zonaroja.com.mx\/wp-content\/uploads\/2022\/05\/Opinion-Nestor-Yuri-Sanchez-Islas.jpg","jetpack_sharing_enabled":true,"_links":{"self":[{"href":"https:\/\/zonaroja.com.mx\/index.php?rest_route=\/wp\/v2\/posts\/66747","targetHints":{"allow":["GET"]}}],"collection":[{"href":"https:\/\/zonaroja.com.mx\/index.php?rest_route=\/wp\/v2\/posts"}],"about":[{"href":"https:\/\/zonaroja.com.mx\/index.php?rest_route=\/wp\/v2\/types\/post"}],"author":[{"embeddable":true,"href":"https:\/\/zonaroja.com.mx\/index.php?rest_route=\/wp\/v2\/users\/2"}],"replies":[{"embeddable":true,"href":"https:\/\/zonaroja.com.mx\/index.php?rest_route=%2Fwp%2Fv2%2Fcomments&post=66747"}],"version-history":[{"count":1,"href":"https:\/\/zonaroja.com.mx\/index.php?rest_route=\/wp\/v2\/posts\/66747\/revisions"}],"predecessor-version":[{"id":66748,"href":"https:\/\/zonaroja.com.mx\/index.php?rest_route=\/wp\/v2\/posts\/66747\/revisions\/66748"}],"wp:featuredmedia":[{"embeddable":true,"href":"https:\/\/zonaroja.com.mx\/index.php?rest_route=\/wp\/v2\/media\/41861"}],"wp:attachment":[{"href":"https:\/\/zonaroja.com.mx\/index.php?rest_route=%2Fwp%2Fv2%2Fmedia&parent=66747"}],"wp:term":[{"taxonomy":"category","embeddable":true,"href":"https:\/\/zonaroja.com.mx\/index.php?rest_route=%2Fwp%2Fv2%2Fcategories&post=66747"},{"taxonomy":"post_tag","embeddable":true,"href":"https:\/\/zonaroja.com.mx\/index.php?rest_route=%2Fwp%2Fv2%2Ftags&post=66747"}],"curies":[{"name":"wp","href":"https:\/\/api.w.org\/{rel}","templated":true}]}}