{"id":66755,"date":"2024-03-28T18:59:09","date_gmt":"2024-03-29T00:59:09","guid":{"rendered":"http:\/\/www.zonaroja.com.mx\/?p=66755"},"modified":"2024-03-28T18:59:11","modified_gmt":"2024-03-29T00:59:11","slug":"asegura-localidad-que-no-hay-conflicto-ni-suspension-de-supercarretera-al-istmo","status":"publish","type":"post","link":"https:\/\/zonaroja.com.mx\/?p=66755","title":{"rendered":"Asegura localidad que no hay conflicto ni suspensi\u00f3n de supercarretera al Istmo"},"content":{"rendered":"\n<p>&nbsp;Yuridiana Sosa\/Zona Roja.<\/p>\n\n\n\n<p>Oaxaca de Ju\u00e1rez, Oax., a 28 de marzo de 2024.- Autoridades locales de la agencia de polic\u00eda de Llano Laguna, Santo Domingo Tepuxtepec, se\u00f1alaron que fue por determinaci\u00f3n de la asamblea general mantener al CIT como el \u00fanico sindicato beneficiado en la construcci\u00f3n de la carretera Oaxaca-Istmo en el tramo correspondiente a la comunidad.<\/p>\n\n\n\n<p>En conferencia de prensa, desde la cancha municipal de su agencia de polic\u00eda, desmintieron que exista un bloqueo carretero por parte de la poblaci\u00f3n que impida la continuaci\u00f3n de la obra, por lo que el problema se limita a un l\u00edo entre sindicatos de transportistas por los trabajos de la carretera.<\/p>\n\n\n\n<p>El agente de Polic\u00eda, Ausencio P\u00e9rez Dom\u00ednguez, junto con su equipo de trabajo, precis\u00f3 que la Confederaci\u00f3n Internacional de Trabajadores (CIT) \u2013de Marcos S\u00e1nchez- fue la \u00fanica en acceder a la construcci\u00f3n de una construcci\u00f3n del techado de la cancha municipal.<\/p>\n\n\n\n<p>Por ello, en asamblea general del 7 de diciembre de 2023, el pueblo acord\u00f3 por mayor\u00eda que la CIT &nbsp;ser\u00eda la \u00fanica en trabajar el tramo 97+400 al 100+050 de Llano Laguna, con el apoyo de trabajadores de la comunidad.<\/p>\n\n\n\n<p>Es as\u00ed que a su vez fue decisi\u00f3n del pueblo dejar fuera de los trabajos a la Confederaci\u00f3n de Trabajadores de M\u00e9xico (CTM) y Confederaci\u00f3n Joven, quienes no &nbsp;atendieron a los citatorios de la autoridad local para firmar actas de asamblea y darle formalidad a los acuerdos tomados.<\/p>\n\n\n\n<p>La autoridad neg\u00f3 que para los trabajos de la carretera haya volteos propiedad del l\u00edder del CIT, Marcos S\u00e1nchez, y que haya presi\u00f3n de esta organizaci\u00f3n para verse beneficiados.<\/p>\n\n\n\n<p>Por el contrario, ha sido la CTM&nbsp; y Confederaci\u00f3n Joven la que por medio del representante de la empresa CICSA, un ingeniero identificado como V\u00edctor Manuel Orozco, han presionado en reiteradas ocasiones para cambiar su decisi\u00f3n y favorecer a ambos sindicatos.<\/p>\n\n\n\n<p>Las autoridades realizaron un llamado al gobierno federal y estatal para que no se dejen enga\u00f1ar respecto a la situaci\u00f3n que prevalece en su comunidad en torno a la obra de la carretera al Istmo.<\/p>\n\n\n\n<p>Pues, recientemente el gobernador Salom\u00f3n Jara, se\u00f1al\u00f3 en su conferencia matutina que sobre la obra de la carretera Oaxaca-Tehuantepec Marcos S\u00e1nchez ha manipulado situaciones en algunas comunidades para ser el \u00fanico beneficiado con los trabajos, hasta llegar a las amenazas o condicionamientos para que la obra contin\u00fae.<\/p>\n","protected":false},"excerpt":{"rendered":"<p>&nbsp;Yuridiana Sosa\/Zona Roja. Oaxaca de Ju\u00e1rez, Oax., a 28 de marzo de 2024.- Autoridades locales&hellip;<\/p>\n","protected":false},"author":2,"featured_media":66758,"comment_status":"closed","ping_status":"open","sticky":false,"template":"","format":"standard","meta":{"_lmt_disableupdate":"","_lmt_disable":"","_jetpack_memberships_contains_paid_content":false,"footnotes":""},"categories":[109,47],"tags":[2953],"class_list":["post-66755","post","type-post","status-publish","format-standard","has-post-thumbnail","hentry","category-minuto-a-minuto","category-zona-gris","tag-supercarretera-oaxaca-istmo"],"jetpack_featured_media_url":"https:\/\/zonaroja.com.mx\/wp-content\/uploads\/2024\/03\/Llano-Lagua-Tepuxtepec.jpg","jetpack_sharing_enabled":true,"_links":{"self":[{"href":"https:\/\/zonaroja.com.mx\/index.php?rest_route=\/wp\/v2\/posts\/66755","targetHints":{"allow":["GET"]}}],"collection":[{"href":"https:\/\/zonaroja.com.mx\/index.php?rest_route=\/wp\/v2\/posts"}],"about":[{"href":"https:\/\/zonaroja.com.mx\/index.php?rest_route=\/wp\/v2\/types\/post"}],"author":[{"embeddable":true,"href":"https:\/\/zonaroja.com.mx\/index.php?rest_route=\/wp\/v2\/users\/2"}],"replies":[{"embeddable":true,"href":"https:\/\/zonaroja.com.mx\/index.php?rest_route=%2Fwp%2Fv2%2Fcomments&post=66755"}],"version-history":[{"count":1,"href":"https:\/\/zonaroja.com.mx\/index.php?rest_route=\/wp\/v2\/posts\/66755\/revisions"}],"predecessor-version":[{"id":66759,"href":"https:\/\/zonaroja.com.mx\/index.php?rest_route=\/wp\/v2\/posts\/66755\/revisions\/66759"}],"wp:featuredmedia":[{"embeddable":true,"href":"https:\/\/zonaroja.com.mx\/index.php?rest_route=\/wp\/v2\/media\/66758"}],"wp:attachment":[{"href":"https:\/\/zonaroja.com.mx\/index.php?rest_route=%2Fwp%2Fv2%2Fmedia&parent=66755"}],"wp:term":[{"taxonomy":"category","embeddable":true,"href":"https:\/\/zonaroja.com.mx\/index.php?rest_route=%2Fwp%2Fv2%2Fcategories&post=66755"},{"taxonomy":"post_tag","embeddable":true,"href":"https:\/\/zonaroja.com.mx\/index.php?rest_route=%2Fwp%2Fv2%2Ftags&post=66755"}],"curies":[{"name":"wp","href":"https:\/\/api.w.org\/{rel}","templated":true}]}}