{"id":6676,"date":"2019-12-14T21:52:18","date_gmt":"2019-12-15T03:52:18","guid":{"rendered":"http:\/\/www.zonaroja.com.mx\/?p=6676"},"modified":"2019-12-14T21:52:21","modified_gmt":"2019-12-15T03:52:21","slug":"atacan-a-activista-y-defensora-comunitaria-en-juchitan","status":"publish","type":"post","link":"https:\/\/zonaroja.com.mx\/?p=6676","title":{"rendered":"Atacan a activista y defensora comunitaria en Juchit\u00e1n"},"content":{"rendered":"\n<p>Ismael Garc\u00eda\/Zona Roja.<\/p>\n\n\n\n<p>Oaxaca de Ju\u00e1rez, Oax., 14 de diciembre\nde 2019.- El Comit\u00e9 de Defensa Integral de Derechos Humanos Gobixha A. C.\n(C\u00f3digo DH) denunci\u00f3 el presunto asalto y agresi\u00f3n a la activista y defensora\ncomunitaria Isabel Jim\u00e9nez en el municipio de Juchit\u00e1n de Zaragoza, Oaxaca.<\/p>\n\n\n\n<p>Los hechos ocurrieron ayer en que la\nmujer fue lesionada por un sujeto que baj\u00f3 de un mototaxi; aunque sufri\u00f3 el\nasalto, la v\u00edctima considera que fue un ataque directo en su contra.<\/p>\n\n\n\n<p>Isabel Jim\u00e9nez cuenta desde el a\u00f1o 2014 con\nmedidas cautelares ante los riesgos de su labor en defensa de los derechos; sin\nembargo, desde hace muchos meses la Polic\u00eda Estatal retir\u00f3 los elementos que la\ncuidaban.<\/p>\n\n\n\n<p>Se dedica asimismo a la medicina\ntradicional y cuando fue agredida, llevaba diversos aparatos y su equipo\ncelular, que pese al apoyo de vecinos de la calle A\u00f1o de Ju\u00e1rez, no pudo\nrecuperar.<\/p>\n\n\n\n<p>Como activista, se ha dedicado a la\ndefensa de la tierra y el territorio, as\u00ed como al rechazo a la instalaci\u00f3n de\nmegaproyectos e\u00f3licos en la regi\u00f3n del Istmo de Tehuantepec.<\/p>\n\n\n\n<p>Tras interponer su denuncia en la\nVicefiscal\u00eda Regional del Istmo, exigi\u00f3 una investigaci\u00f3n \u00e1gil y castigo a los\nresponsables.<\/p>\n","protected":false},"excerpt":{"rendered":"<p>Ismael Garc\u00eda\/Zona Roja. Oaxaca de Ju\u00e1rez, Oax., 14 de diciembre de 2019.- El Comit\u00e9 de&hellip;<\/p>\n","protected":false},"author":2,"featured_media":6677,"comment_status":"closed","ping_status":"open","sticky":false,"template":"","format":"standard","meta":{"_lmt_disableupdate":"","_lmt_disable":"","_jetpack_memberships_contains_paid_content":false,"footnotes":""},"categories":[109,51],"tags":[1141,1142],"class_list":["post-6676","post","type-post","status-publish","format-standard","has-post-thumbnail","hentry","category-minuto-a-minuto","category-zona-roja","tag-isabell-jimenez","tag-juchitan-de-zargoza"],"jetpack_featured_media_url":"https:\/\/zonaroja.com.mx\/wp-content\/uploads\/2019\/12\/Isabel-Jim\u00e9nez.png","jetpack_sharing_enabled":true,"_links":{"self":[{"href":"https:\/\/zonaroja.com.mx\/index.php?rest_route=\/wp\/v2\/posts\/6676","targetHints":{"allow":["GET"]}}],"collection":[{"href":"https:\/\/zonaroja.com.mx\/index.php?rest_route=\/wp\/v2\/posts"}],"about":[{"href":"https:\/\/zonaroja.com.mx\/index.php?rest_route=\/wp\/v2\/types\/post"}],"author":[{"embeddable":true,"href":"https:\/\/zonaroja.com.mx\/index.php?rest_route=\/wp\/v2\/users\/2"}],"replies":[{"embeddable":true,"href":"https:\/\/zonaroja.com.mx\/index.php?rest_route=%2Fwp%2Fv2%2Fcomments&post=6676"}],"version-history":[{"count":1,"href":"https:\/\/zonaroja.com.mx\/index.php?rest_route=\/wp\/v2\/posts\/6676\/revisions"}],"predecessor-version":[{"id":6678,"href":"https:\/\/zonaroja.com.mx\/index.php?rest_route=\/wp\/v2\/posts\/6676\/revisions\/6678"}],"wp:featuredmedia":[{"embeddable":true,"href":"https:\/\/zonaroja.com.mx\/index.php?rest_route=\/wp\/v2\/media\/6677"}],"wp:attachment":[{"href":"https:\/\/zonaroja.com.mx\/index.php?rest_route=%2Fwp%2Fv2%2Fmedia&parent=6676"}],"wp:term":[{"taxonomy":"category","embeddable":true,"href":"https:\/\/zonaroja.com.mx\/index.php?rest_route=%2Fwp%2Fv2%2Fcategories&post=6676"},{"taxonomy":"post_tag","embeddable":true,"href":"https:\/\/zonaroja.com.mx\/index.php?rest_route=%2Fwp%2Fv2%2Ftags&post=6676"}],"curies":[{"name":"wp","href":"https:\/\/api.w.org\/{rel}","templated":true}]}}