{"id":66760,"date":"2024-03-28T20:04:00","date_gmt":"2024-03-29T02:04:00","guid":{"rendered":"http:\/\/www.zonaroja.com.mx\/?p=66760"},"modified":"2024-03-28T19:14:34","modified_gmt":"2024-03-29T01:14:34","slug":"familiares-de-desaparecidos-de-oaxaca-exigen-atencion-y-recursos-para-busquedas","status":"publish","type":"post","link":"https:\/\/zonaroja.com.mx\/?p=66760","title":{"rendered":"Familiares de desaparecidos de Oaxaca exigen atenci\u00f3n y recursos para b\u00fasquedas"},"content":{"rendered":"\n<p>Yuridiana Sosa\/Zona Roja.<\/p>\n\n\n\n<p>Oaxaca de Ju\u00e1rez, Oax., 28 de marzo de 2024.- Familiares de personas desaparecidas en Oaxaca se manifestaron hoy de forma pac\u00edfica en la Alameda de Le\u00f3n de la ciudad de Oaxaca, para demandar una serie de acciones a favor de la b\u00fasqueda y atenci\u00f3n a v\u00edctimas.&nbsp;<\/p>\n\n\n\n<p>Por medio de un tendedero para visibilizar sus casos, los integrantes del&nbsp;<\/p>\n\n\n\n<p>colectivo \u00abBusco al m\u00edo, buscando a todos\u00bb expresaron que son necesarias estas acciones&nbsp; para recordar a las autoridades de los diferentes niveles y del orden administrativo y de justicia que sus casos siguen pendientes<\/p>\n\n\n\n<p>Los familiares reconocen que hay apertura y respaldo de la Fiscal\u00eda General de Oaxaca para dar seguimiento a sus casos.<\/p>\n\n\n\n<p>Sin embargo, falta una reuni\u00f3n con la titular del Tribunal Superior de Justicia de Oaxaca, Berenice Ram\u00edrez Jim\u00e9nez, a quien demandaron un encuentro para abordar la impunidad y los casos en los que algunos jueces no han aplicado justicia sobre los probables responsables de los hechos.<\/p>\n\n\n\n<p>MAYOR ATENCI\u00d3N<\/p>\n\n\n\n<p>Pidieron al Gobierno del Estado que a la brevedad remita enviar al Congreso de Oaxaca la integraci\u00f3n del consejo estatal ciudadano para que se&nbsp; complemente la comisi\u00f3n estatal de b\u00fasqueda de personas desaparecidas del estado de Oaxaca, es una a\u00f1eja y fundamental exigencia para el desarrollo de los planes de b\u00fasqueda de sus familiares.<\/p>\n\n\n\n<p>Tambi\u00e9n demandaron la entrega de\u00a0 recursos para el pleno funcionamiento de la Comisi\u00f3n de B\u00fasqueda, y de atenci\u00f3n a v\u00edctimas, pues uno de los problemas que enfrentan los familiares afectados es la necesidad de atenci\u00f3n jur\u00eddica, m\u00e9dica, econ\u00f3mica para trasladarse hacia los ministerios p\u00fablicos y dar seguimiento a las carpetas por ello se necesita el apoyo.<\/p>\n\n\n\n<figure class=\"wp-block-image size-full\"><a href=\"http:\/\/www.zonaroja.com.mx\/wp-content\/uploads\/2024\/03\/Busqueda-de-desaparecidos-Oaxaca.jpg\" data-rel=\"penci-gallery-image-content\" ><img decoding=\"async\" width=\"900\" height=\"675\" src=\"http:\/\/www.zonaroja.com.mx\/wp-content\/uploads\/2024\/03\/Busqueda-de-desaparecidos-Oaxaca.jpg\" alt=\"\" class=\"wp-image-66761\" srcset=\"https:\/\/zonaroja.com.mx\/wp-content\/uploads\/2024\/03\/Busqueda-de-desaparecidos-Oaxaca.jpg 900w, https:\/\/zonaroja.com.mx\/wp-content\/uploads\/2024\/03\/Busqueda-de-desaparecidos-Oaxaca-300x225.jpg 300w, https:\/\/zonaroja.com.mx\/wp-content\/uploads\/2024\/03\/Busqueda-de-desaparecidos-Oaxaca-768x576.jpg 768w, https:\/\/zonaroja.com.mx\/wp-content\/uploads\/2024\/03\/Busqueda-de-desaparecidos-Oaxaca-585x439.jpg 585w\" sizes=\"(max-width: 900px) 100vw, 900px\" \/><\/a><\/figure>\n\n\n\n<p>\u00abPareciera que la pobreza es un castigo m\u00e1s que se lleva en medio de ese problema de las desapariciones\u00bb, expres\u00f3 uno de los afectados.&nbsp;<\/p>\n\n\n\n<p>Los familiares tambi\u00e9n reconocieron un mayor acercamiento con la nueva representaci\u00f3n de la Comisi\u00f3n de B\u00fasqueda, a quien exigieron un censo real para conocer sobre el n\u00famero de casos de personas desaparecidas en Oaxaca.<\/p>\n\n\n\n<p>Hasta el momento, sin precisar el per\u00edodo de tiempo de los casos, se tiene el dato de 600 carpetas de investigaci\u00f3n estancadas.&nbsp;<\/p>\n\n\n\n<p>Por otra parte, manifestaron que sigue en pie la demanda de realizar una auditor\u00eda a la anterior titular de la Comisi\u00f3n, Edilberta Cruz Regino, pues el dinero se debi\u00f3 aplicar en las b\u00fasquedas.<\/p>\n\n\n\n<p>PARA LA AGENDA&nbsp;<\/p>\n\n\n\n<p>A los candidatos y candidatas, tanto de la Presidencia de la Rep\u00fablica, como para las diputaciones federales y locales, demandaron que el problema de las desapariciones sean parte de su agenda.<\/p>\n\n\n\n<p>\u00abQue se den el espacio y se siente con nosotros, fuera de todo compromiso pol\u00edtico, nosotros no somos bandera de ning\u00fan partido pol\u00edtico, los desaparecidos no tienen color ni partidos y por lo tanto pedimos a todos candidatos que incluyan en sus agendas el asunto de los desaparecidos y no sean omisos\u00bb, se\u00f1alaron, en voz de Said Garc\u00eda.<\/p>\n","protected":false},"excerpt":{"rendered":"<p>Yuridiana Sosa\/Zona Roja. Oaxaca de Ju\u00e1rez, Oax., 28 de marzo de 2024.- Familiares de personas&hellip;<\/p>\n","protected":false},"author":2,"featured_media":66762,"comment_status":"closed","ping_status":"open","sticky":false,"template":"","format":"standard","meta":{"_lmt_disableupdate":"","_lmt_disable":"","_jetpack_memberships_contains_paid_content":false,"footnotes":""},"categories":[109,47],"tags":[2223],"class_list":["post-66760","post","type-post","status-publish","format-standard","has-post-thumbnail","hentry","category-minuto-a-minuto","category-zona-gris","tag-comision-estatal-de-busqueda-oaxaca"],"jetpack_featured_media_url":"https:\/\/zonaroja.com.mx\/wp-content\/uploads\/2024\/03\/Desaparecidos-Oaxaca-colectivo.jpg","jetpack_sharing_enabled":true,"_links":{"self":[{"href":"https:\/\/zonaroja.com.mx\/index.php?rest_route=\/wp\/v2\/posts\/66760","targetHints":{"allow":["GET"]}}],"collection":[{"href":"https:\/\/zonaroja.com.mx\/index.php?rest_route=\/wp\/v2\/posts"}],"about":[{"href":"https:\/\/zonaroja.com.mx\/index.php?rest_route=\/wp\/v2\/types\/post"}],"author":[{"embeddable":true,"href":"https:\/\/zonaroja.com.mx\/index.php?rest_route=\/wp\/v2\/users\/2"}],"replies":[{"embeddable":true,"href":"https:\/\/zonaroja.com.mx\/index.php?rest_route=%2Fwp%2Fv2%2Fcomments&post=66760"}],"version-history":[{"count":1,"href":"https:\/\/zonaroja.com.mx\/index.php?rest_route=\/wp\/v2\/posts\/66760\/revisions"}],"predecessor-version":[{"id":66763,"href":"https:\/\/zonaroja.com.mx\/index.php?rest_route=\/wp\/v2\/posts\/66760\/revisions\/66763"}],"wp:featuredmedia":[{"embeddable":true,"href":"https:\/\/zonaroja.com.mx\/index.php?rest_route=\/wp\/v2\/media\/66762"}],"wp:attachment":[{"href":"https:\/\/zonaroja.com.mx\/index.php?rest_route=%2Fwp%2Fv2%2Fmedia&parent=66760"}],"wp:term":[{"taxonomy":"category","embeddable":true,"href":"https:\/\/zonaroja.com.mx\/index.php?rest_route=%2Fwp%2Fv2%2Fcategories&post=66760"},{"taxonomy":"post_tag","embeddable":true,"href":"https:\/\/zonaroja.com.mx\/index.php?rest_route=%2Fwp%2Fv2%2Ftags&post=66760"}],"curies":[{"name":"wp","href":"https:\/\/api.w.org\/{rel}","templated":true}]}}