{"id":66766,"date":"2024-03-28T21:18:04","date_gmt":"2024-03-29T03:18:04","guid":{"rendered":"http:\/\/www.zonaroja.com.mx\/?p=66766"},"modified":"2024-03-28T21:18:18","modified_gmt":"2024-03-29T03:18:18","slug":"jueves-santo-violento-en-oaxaca-dos-asesinados-y-tres-heridos-de-bala","status":"publish","type":"post","link":"https:\/\/zonaroja.com.mx\/?p=66766","title":{"rendered":"Jueves Santo violento en Oaxaca: dos asesinados y tres heridos de bala"},"content":{"rendered":"\n<p>Ismael Garc\u00eda M.\/Zona Roja.<\/p>\n\n\n\n<p>Oaxaca de Ju\u00e1rez, Oax., a 28 de marzo de 2024.- Dos persona asesinadas y tres lesionadas de bala en distintos hechos, es el saldo violento de&nbsp;este Jueves&nbsp;Santo en Oaxaca<\/p>\n\n\n\n<p>La noche de hoy en la carretera Huajuapan de Le\u00f3n-Mariscala de Ju\u00e1rez, fue asesinado un taxista del sitio \u201cMoctezuma\u201d.<\/p>\n\n\n\n<p>El crimen se perpetr\u00f3 a la altura de la comunidad de San Jer\u00f3nimo Silacayoapilla y el m\u00f3vil presuntamente fue un asalto.&nbsp;<\/p>\n\n\n\n<p>En tanto en el municipio coste\u00f1o de Santiago Jamiltepec, una persona del sexo masculino fue asesinada con disparos de arma de fuego.<\/p>\n\n\n\n<p>El cuerpo de la v\u00edctima fue hallado en la carretera local hacia Santa Elena Comaltepec y fue identificado como Domingo D. A., de aproximadamente 57 a\u00f1os de edad.<\/p>\n\n\n\n<p>El hombre era originario del pueblo de La Cumbre, municipio de Santiago Tetepec y hasta el momento se desconoce el m\u00f3vil del crimen.<\/p>\n\n\n\n<p>EN EL ISTMO<\/p>\n\n\n\n<p>En un domicilio del barrio San Francisco, del municipio de Salina Cruz, regi\u00f3n del Istmo, se registr\u00f3 esta tarde un ataque armado en contra de una persona del sexo masculino.&nbsp;<\/p>\n\n\n\n<p>La v\u00edctima, que recibi\u00f3 al menos 10 disparos, fue identificada como \u00c1ngel C. H., y convalece en un hospital de esa ciudad y puerto.&nbsp;<\/p>\n\n\n\n<p>En tanto que la madrugada de hoy, un hombre fue agredido a balazos, en el barrio de Santa Cruz Tagolaba, municipio de Santo Domingo Tehuantepec.&nbsp;<\/p>\n\n\n\n<p>La v\u00edctima responde al nombre de Francisco H. R., y lo reportan fuera de peligro, al no ser consideradas de gravedad las lesiones.&nbsp;<\/p>\n\n\n\n<p>Mientras tanto en Juchit\u00e1n de Zaragoza, un individuo fue baleado en una calle de la Quinta Secci\u00f3n por sujetos armados a\u00fan no identificados.&nbsp;<\/p>\n\n\n\n<p>El hombre conocido como Felipe V., de 30 a\u00f1os de edad, recibi\u00f3 varios impactos de arma de fuego y fue trasladado al hospital \u201cDr. Macedonio Ben\u00edtez Fuentes\u201d.<\/p>\n","protected":false},"excerpt":{"rendered":"<p>Ismael Garc\u00eda M.\/Zona Roja. Oaxaca de Ju\u00e1rez, Oax., a 28 de marzo de 2024.- Dos&hellip;<\/p>\n","protected":false},"author":2,"featured_media":66765,"comment_status":"closed","ping_status":"open","sticky":false,"template":"","format":"standard","meta":{"_lmt_disableupdate":"","_lmt_disable":"","_jetpack_memberships_contains_paid_content":false,"footnotes":""},"categories":[109,51],"tags":[],"class_list":["post-66766","post","type-post","status-publish","format-standard","has-post-thumbnail","hentry","category-minuto-a-minuto","category-zona-roja"],"jetpack_featured_media_url":"https:\/\/zonaroja.com.mx\/wp-content\/uploads\/2024\/03\/Agresion-armada-Salina-Cruz.jpg","jetpack_sharing_enabled":true,"_links":{"self":[{"href":"https:\/\/zonaroja.com.mx\/index.php?rest_route=\/wp\/v2\/posts\/66766","targetHints":{"allow":["GET"]}}],"collection":[{"href":"https:\/\/zonaroja.com.mx\/index.php?rest_route=\/wp\/v2\/posts"}],"about":[{"href":"https:\/\/zonaroja.com.mx\/index.php?rest_route=\/wp\/v2\/types\/post"}],"author":[{"embeddable":true,"href":"https:\/\/zonaroja.com.mx\/index.php?rest_route=\/wp\/v2\/users\/2"}],"replies":[{"embeddable":true,"href":"https:\/\/zonaroja.com.mx\/index.php?rest_route=%2Fwp%2Fv2%2Fcomments&post=66766"}],"version-history":[{"count":1,"href":"https:\/\/zonaroja.com.mx\/index.php?rest_route=\/wp\/v2\/posts\/66766\/revisions"}],"predecessor-version":[{"id":66767,"href":"https:\/\/zonaroja.com.mx\/index.php?rest_route=\/wp\/v2\/posts\/66766\/revisions\/66767"}],"wp:featuredmedia":[{"embeddable":true,"href":"https:\/\/zonaroja.com.mx\/index.php?rest_route=\/wp\/v2\/media\/66765"}],"wp:attachment":[{"href":"https:\/\/zonaroja.com.mx\/index.php?rest_route=%2Fwp%2Fv2%2Fmedia&parent=66766"}],"wp:term":[{"taxonomy":"category","embeddable":true,"href":"https:\/\/zonaroja.com.mx\/index.php?rest_route=%2Fwp%2Fv2%2Fcategories&post=66766"},{"taxonomy":"post_tag","embeddable":true,"href":"https:\/\/zonaroja.com.mx\/index.php?rest_route=%2Fwp%2Fv2%2Ftags&post=66766"}],"curies":[{"name":"wp","href":"https:\/\/api.w.org\/{rel}","templated":true}]}}