{"id":66768,"date":"2024-03-29T07:00:00","date_gmt":"2024-03-29T13:00:00","guid":{"rendered":"http:\/\/www.zonaroja.com.mx\/?p=66768"},"modified":"2024-03-29T06:58:22","modified_gmt":"2024-03-29T12:58:22","slug":"secuestro-y-asesinato-de-camilia-desata-nueva-crisis-de-violencia-en-taxco","status":"publish","type":"post","link":"https:\/\/zonaroja.com.mx\/?p=66768","title":{"rendered":"Secuestro y asesinato de Camilia desata nueva crisis de violencia en Taxco"},"content":{"rendered":"\n<p>Redacci\u00f3n\/Zona Roja Cdmx. Imagen: Diario de Yucat\u00e1n.<\/p>\n\n\n\n<p>Ciudad de M\u00e9xico, a 29 de marzo de 2024.- El secuestro y posterior asesinato de una ni\u00f1a de 8 a\u00f1os en Taxco de Alarc\u00f3n, Guerrero, provoc\u00f3 este jueves protestas de la poblaci\u00f3n y un linchamiento que deriv\u00f3 en la muerte de una mujer, golpeada junto con dos hombres, por ser se\u00f1alados como los supuestos responsables.<\/p>\n\n\n\n<p>La \u00faltima vez que se vio a la ni\u00f1a Camila G\u00f3mez Ortega fue el mi\u00e9rcoles por la tarde, cuando sali\u00f3 de su casa para acudir a la vivienda de una amiga a jugar. Horas m\u00e1s tarde su familia recibi\u00f3 llamadas de extorsi\u00f3n exigi\u00e9ndoles 250,000 pesos para liberarla.<\/p>\n\n\n\n<p>La familia de la menor acudi\u00f3 a la casa se\u00f1alada en donde argumentaron que no hab\u00eda llegado, pero videos de c\u00e1maras de seguridad cercanas confirmaron que la ni\u00f1a estuvo all\u00ed, mientras que en otro video se ve a una pareja sacar un cesto de ropa y una bolsa negra que se llev\u00f3 en un taxi de su propiedad, con rumbo desconocido.<\/p>\n\n\n\n<p>INICIAN PROTESTAS<\/p>\n\n\n\n<p>Tras la filtraci\u00f3n de los videos, familiares y amigos cerraron la avenida de Los Plateros, una de las principales de ese destino tur\u00edstico, para exigir su b\u00fasqueda.<\/p>\n\n\n\n<p>Este jueves por la ma\u00f1ana se inform\u00f3 que en el Servicio M\u00e9dico Forense (Semefo) de Iguala, estaba el cuerpo de una menor con las caracter\u00edsticas de Camila, encontrado durante la madrugada en una bolsa negra, sobre la carretera federal que comunica con Morelos.<\/p>\n\n\n\n<p>En la madrugada fue detenido el hombre que aparece en el video y tras confirmarse la identidad de la menor, un grupo de familiares acudi\u00f3 a la casa se\u00f1alada en donde permanecieron en espera de que las autoridades detuvieran a la mujer.<\/p>\n\n\n\n<p>Horas m\u00e1s tarde, la inacci\u00f3n de las autoridades provoc\u00f3 que las personas actuaran por cuenta propia, ante la mirada de agentes de la polic\u00eda Municipal, Guardia Nacional y el Ej\u00e9rcito.<\/p>\n\n\n\n<p>TURBA INTENTA LINCHAMIENTO<\/p>\n\n\n\n<p>Los vecinos enardecidos sacaron de la casa a una mujer y dos hombres quienes inicialmente fueron asegurados por polic\u00edas municipales quienes pretend\u00edan trasladarlos a la fiscal\u00eda estatal, sin embargo los manifestantes los bajaron de las patrullas y los golpearon a pu\u00f1os y patadas.<\/p>\n\n\n\n<p>Luego fueron trasladados por los polic\u00edas municipales al Ministerio P\u00fablico, en donde posteriormente se report\u00f3 la muerte de la mujer, mientras que unos de los hombres permanece grave en un hospital.<\/p>\n\n\n\n<p>Hasta esta tarde de este jueves la fiscal\u00eda no ha emitido informaci\u00f3n al respecto.<\/p>\n\n\n\n<p>Este Jueves Santo en Taxco de Alarc\u00f3n se llev\u00f3 a cabo la Procesi\u00f3n de Los Cristos, una de las m\u00e1s largas e internacionalmente conocidas, en la que participan m\u00e1s de 60 cristos de barrios y colonias de ese municipio, que est\u00e1 lleno de turistas.<\/p>\n\n\n\n<p>El barrio Bermeja inform\u00f3 que ante los sucesos el Cristo no saldr\u00e1 y s\u00f3lo permanecer\u00e1 expuesto para oraciones. Tambi\u00e9n convoc\u00f3 a todo Taxco a unirse.<\/p>\n\n\n\n<p>En los \u00faltimos meses ese municipio ha sufrido la disputa de grupos de la delincuencia organizada que buscan el control de la zona que ha dejado m\u00faltiples asesinatos, desapariciones, y la par\u00e1lisis del sector econ\u00f3mico a principios de este a\u00f1o.&nbsp;<\/p>\n\n\n\n<p>(Con informaci\u00f3n de EFE en Forbes M\u00e9xico)<\/p>\n","protected":false},"excerpt":{"rendered":"<p>Redacci\u00f3n\/Zona Roja Cdmx. Imagen: Diario de Yucat\u00e1n. Ciudad de M\u00e9xico, a 29 de marzo de&hellip;<\/p>\n","protected":false},"author":2,"featured_media":66769,"comment_status":"closed","ping_status":"open","sticky":false,"template":"","format":"standard","meta":{"_lmt_disableupdate":"","_lmt_disable":"","_jetpack_memberships_contains_paid_content":false,"footnotes":""},"categories":[109,51],"tags":[3888],"class_list":["post-66768","post","type-post","status-publish","format-standard","has-post-thumbnail","hentry","category-minuto-a-minuto","category-zona-roja","tag-camila-taxco"],"jetpack_featured_media_url":"https:\/\/zonaroja.com.mx\/wp-content\/uploads\/2024\/03\/Camila-Taxco-diario-de-Yucatan.webp","jetpack_sharing_enabled":true,"_links":{"self":[{"href":"https:\/\/zonaroja.com.mx\/index.php?rest_route=\/wp\/v2\/posts\/66768","targetHints":{"allow":["GET"]}}],"collection":[{"href":"https:\/\/zonaroja.com.mx\/index.php?rest_route=\/wp\/v2\/posts"}],"about":[{"href":"https:\/\/zonaroja.com.mx\/index.php?rest_route=\/wp\/v2\/types\/post"}],"author":[{"embeddable":true,"href":"https:\/\/zonaroja.com.mx\/index.php?rest_route=\/wp\/v2\/users\/2"}],"replies":[{"embeddable":true,"href":"https:\/\/zonaroja.com.mx\/index.php?rest_route=%2Fwp%2Fv2%2Fcomments&post=66768"}],"version-history":[{"count":2,"href":"https:\/\/zonaroja.com.mx\/index.php?rest_route=\/wp\/v2\/posts\/66768\/revisions"}],"predecessor-version":[{"id":66774,"href":"https:\/\/zonaroja.com.mx\/index.php?rest_route=\/wp\/v2\/posts\/66768\/revisions\/66774"}],"wp:featuredmedia":[{"embeddable":true,"href":"https:\/\/zonaroja.com.mx\/index.php?rest_route=\/wp\/v2\/media\/66769"}],"wp:attachment":[{"href":"https:\/\/zonaroja.com.mx\/index.php?rest_route=%2Fwp%2Fv2%2Fmedia&parent=66768"}],"wp:term":[{"taxonomy":"category","embeddable":true,"href":"https:\/\/zonaroja.com.mx\/index.php?rest_route=%2Fwp%2Fv2%2Fcategories&post=66768"},{"taxonomy":"post_tag","embeddable":true,"href":"https:\/\/zonaroja.com.mx\/index.php?rest_route=%2Fwp%2Fv2%2Ftags&post=66768"}],"curies":[{"name":"wp","href":"https:\/\/api.w.org\/{rel}","templated":true}]}}