{"id":66771,"date":"2024-03-29T08:53:00","date_gmt":"2024-03-29T14:53:00","guid":{"rendered":"http:\/\/www.zonaroja.com.mx\/?p=66771"},"modified":"2024-03-29T06:58:03","modified_gmt":"2024-03-29T12:58:03","slug":"familia-y-activistas-inician-busqueda-en-sonora-de-mixes-desaparecidos","status":"publish","type":"post","link":"https:\/\/zonaroja.com.mx\/?p=66771","title":{"rendered":"Familia y activistas inician b\u00fasqueda en Sonora de mixes desaparecidos"},"content":{"rendered":"\n<p>Yuridiana Sosa\/Zona Roja.<\/p>\n\n\n\n<p>Oaxaca de Ju\u00e1rez, Oax., 28 de marzo de 2024.- &nbsp;Con el apoyo de la Comisi\u00f3n de B\u00fasqueda de Personas para el Estado de Sonora y de Oaxaca, familiares y activistas comenzaron los trabajos de campo para la localizaci\u00f3n de Jacobo L\u00f3pez Garc\u00eda y Leobardo L\u00f3pez Moreno, ind\u00edgenas mixes desaparecidos desde el pasado 7 de marzo en Caborca.<\/p>\n\n\n\n<p>El activista Joaqu\u00edn Galv\u00e1n Jos\u00e9 inform\u00f3 sobre el inicio de la b\u00fasqueda y para la cual cuentan con el apoyo del gobierno estatal de Sonora al brindarles protecci\u00f3n con el resguardo de dos unidades de la Polic\u00eda Estatal para acompa\u00f1arlos en su recorrido.<\/p>\n\n\n\n<p>Junto al pap\u00e1 y hermano de Jacobo y Leobardo, los activistas de Oaxaca y Sonora se dirigieron al poblado de la \u201cY\u201d, donde presuntamente fueron vistos por \u00faltima vez, cuando fueron atacados por personas desconocidas y tras esto se registr\u00f3 las desapariciones.<\/p>\n\n\n\n<p>\u201cVamos a entrar a realizar la labor de campo y a recolectar informaci\u00f3n, indicios a la zona de la desaparici\u00f3n, lo ideal es dedicarle algunos d\u00edas a esta b\u00fasqueda y en Hermosillo\u201d, se\u00f1al\u00f3 el activista oaxaque\u00f1o y defensor de derechos humanos.<\/p>\n\n\n\n<p>La familia solicita que ante cualquier informaci\u00f3n pueden comunicarse al 951 236 20 46, as\u00ed como se dirigi\u00f3 una vez m\u00e1s a quienes los habr\u00edan da\u00f1ado para que los apoyen indic\u00e1ndoles d\u00f3nde buscar para regresarlos a casa.<\/p>\n\n\n\n<p>\u201cA las personas que se encuentran detr\u00e1s de la desaparici\u00f3n, por favor les pedimos que nos indiquen el camino para buscar, para hallarlos y regresarlos a casa, que regresen a casa es lo \u00fanico que pide su pap\u00e1, por favor ay\u00fadanos\u201d, recalc\u00f3 Joaqu\u00edn Galv\u00e1n.<\/p>\n\n\n\n<p>E insisti\u00f3: \u201csu pap\u00e1 y su familia los est\u00e1n esperando en la Sierra Mixe, en Tepuxtepec de donde son originarios, en las condiciones en las que se encuentren, no venimos a buscar culpables, no &nbsp;venimos a buscar castigos, venimos a buscarlos a ellos y llevarlos de regreso a casa\u201d.<\/p>\n\n\n\n<p>Anteriormente, el activista inform\u00f3 que para esta labor tambi\u00e9n cuentan con el respaldo de la Comisi\u00f3n Estatal de B\u00fasqueda de Personas Desaparecidas para el estado de Oaxaca, con quien se estableci\u00f3 un acuerdo.<\/p>\n\n\n\n<p>Este organismo solicitar\u00e1 difusi\u00f3n de las personas en los estados de la rep\u00fablica colindantes al estado de Sonora, as\u00ed como solicitar\u00e1 la colaboraci\u00f3n de la Fiscal\u00eda General de Oaxaca a trav\u00e9s del Instituto de Servicios Periciales para la toma de perfil gen\u00e9tico de los familiares de las v\u00edctimas directas.<\/p>\n\n\n\n<p>M\u00c1S AYUDA<\/p>\n\n\n\n<p>Los oaxaque\u00f1os agradecieron el apoyo de la Comisi\u00f3n de B\u00fasqueda de Personas en Sonora, as\u00ed como reiteraron que necesitan de la ayuda de la poblaci\u00f3n en general para sostener la b\u00fasqueda.<\/p>\n\n\n\n<p>Por ello pusieron a disposici\u00f3n una cuenta bancaria para recibir ingresos y poder contar con alimento y recursos para los trabajos.<\/p>\n\n\n\n<p>A quienes decidan apoyar pueden hacerlos a nombre de Joaqu\u00edn Galv\u00e1n Jose, banco STP, con clabe: 6466101464000711724.<\/p>\n\n\n\n<p>ABANDONO<\/p>\n\n\n\n<p>Por otra parte, los familiares y defensores condenaron el abandono institucional del director del Instituto Nacional de los Pueblos Ind\u00edgenas, Adelfo Regino Montes.<\/p>\n\n\n\n<p>\u201cY como siempre en cada caso de personas ind\u00edgenas que acompa\u00f1o, el INPI brilla por su ausencia \u00bfDonde est\u00e1 Adelfo Regino?, \u00bfD\u00f3nde est\u00e1 cuando sus paisanos lo necesitan, bendito Dios por la gente que apoya\u201d, expres\u00f3.<\/p>\n\n\n\n<p>As\u00ed tambi\u00e9n lament\u00f3 que se hagan se\u00f1alamientos o conclusiones injustificadas sobre el caso de los ind\u00edgenas mixes.<\/p>\n\n\n\n<p>\u201cUna de las peores revictimizaciones es asumir que porque alguien sufri\u00f3 un suceso violento como muerte o desaparici\u00f3n es porque estaba involucrado en algo malo. No, en M\u00e9xico la gente es desaparecida o asesinada simplemente porque se puede, cualquiera puede ser v\u00edctima\u201d<\/p>\n\n\n\n<p>LAS V\u00cdCTIMAS<\/p>\n\n\n\n<p>Jacobo L\u00f3pez Garc\u00eda, de 25 a\u00f1os, cuenta como se\u00f1a particular un tatuaje en el brazo izquierdo con la leyenda \u201cSonia\u201d.&nbsp; Tiene vitiligo en ambas manos y espalda alta.<\/p>\n\n\n\n<p>Leobardo L\u00f3pez Moreno, de 31 a\u00f1os, tiene perforaciones en los l\u00f3bulos de ambas orejas;&nbsp; un tatuaje en el antebrazo izquierdo y brazo derecho, aunque se desconoce la imagen.<\/p>\n","protected":false},"excerpt":{"rendered":"<p>Yuridiana Sosa\/Zona Roja. Oaxaca de Ju\u00e1rez, Oax., 28 de marzo de 2024.- &nbsp;Con el apoyo&hellip;<\/p>\n","protected":false},"author":2,"featured_media":66772,"comment_status":"closed","ping_status":"open","sticky":false,"template":"","format":"standard","meta":{"_lmt_disableupdate":"","_lmt_disable":"","_jetpack_memberships_contains_paid_content":false,"footnotes":""},"categories":[109,47],"tags":[3882],"class_list":["post-66771","post","type-post","status-publish","format-standard","has-post-thumbnail","hentry","category-minuto-a-minuto","category-zona-gris","tag-leobardo-y-jacobo-lopez"],"jetpack_featured_media_url":"https:\/\/zonaroja.com.mx\/wp-content\/uploads\/2024\/03\/Leobardo-Lopez-y-Jacobo-Lopez-Tepuxtepec.jpg","jetpack_sharing_enabled":true,"_links":{"self":[{"href":"https:\/\/zonaroja.com.mx\/index.php?rest_route=\/wp\/v2\/posts\/66771","targetHints":{"allow":["GET"]}}],"collection":[{"href":"https:\/\/zonaroja.com.mx\/index.php?rest_route=\/wp\/v2\/posts"}],"about":[{"href":"https:\/\/zonaroja.com.mx\/index.php?rest_route=\/wp\/v2\/types\/post"}],"author":[{"embeddable":true,"href":"https:\/\/zonaroja.com.mx\/index.php?rest_route=\/wp\/v2\/users\/2"}],"replies":[{"embeddable":true,"href":"https:\/\/zonaroja.com.mx\/index.php?rest_route=%2Fwp%2Fv2%2Fcomments&post=66771"}],"version-history":[{"count":1,"href":"https:\/\/zonaroja.com.mx\/index.php?rest_route=\/wp\/v2\/posts\/66771\/revisions"}],"predecessor-version":[{"id":66773,"href":"https:\/\/zonaroja.com.mx\/index.php?rest_route=\/wp\/v2\/posts\/66771\/revisions\/66773"}],"wp:featuredmedia":[{"embeddable":true,"href":"https:\/\/zonaroja.com.mx\/index.php?rest_route=\/wp\/v2\/media\/66772"}],"wp:attachment":[{"href":"https:\/\/zonaroja.com.mx\/index.php?rest_route=%2Fwp%2Fv2%2Fmedia&parent=66771"}],"wp:term":[{"taxonomy":"category","embeddable":true,"href":"https:\/\/zonaroja.com.mx\/index.php?rest_route=%2Fwp%2Fv2%2Fcategories&post=66771"},{"taxonomy":"post_tag","embeddable":true,"href":"https:\/\/zonaroja.com.mx\/index.php?rest_route=%2Fwp%2Fv2%2Ftags&post=66771"}],"curies":[{"name":"wp","href":"https:\/\/api.w.org\/{rel}","templated":true}]}}