{"id":66775,"date":"2024-03-30T13:58:00","date_gmt":"2024-03-30T19:58:00","guid":{"rendered":"http:\/\/www.zonaroja.com.mx\/?p=66775"},"modified":"2024-03-30T06:24:56","modified_gmt":"2024-03-30T12:24:56","slug":"obtiene-fiscalia-de-oaxaca-sentencia-de-40-anos-contra-homicida","status":"publish","type":"post","link":"https:\/\/zonaroja.com.mx\/?p=66775","title":{"rendered":"Obtiene Fiscal\u00eda de Oaxaca sentencia de 40 a\u00f1os contra homicida"},"content":{"rendered":"\n<p>Redacci\u00f3n\/Zona Roja.&nbsp;<\/p>\n\n\n\n<p>Oaxaca de Ju\u00e1rez, Oax., a 30 de marzo de 2024.- La investigaci\u00f3n especializada en delitos de alto impacto que realiza la Fiscal\u00eda General del Estado de Oaxaca (FGEO) hizo posible la obtenci\u00f3n de un fallo condenatorio en contra de una persona del sexo masculino identificada como C.G.G.L.,\u00a0 responsable en la comisi\u00f3n del delito de Homicidio Calificado con\u00a0 Ventaja, hechos ocurridos en la regi\u00f3n de la Mixteca.<\/p>\n\n\n\n<p>De acuerdo con el expediente penal, el 20 de octubre de 2018, la v\u00edctima -identificada como B.C.M.- se encontraba en la calle Constituci\u00f3n de la colonia Centro de la Heroica Ciudad de Tlaxiaco, sitio al que arrib\u00f3 C.G.G.L quien atac\u00f3 a la v\u00edctima con disparos de arma de fuego, infligiendo lesiones que le ocasionaron la muerte.<\/p>\n\n\n\n<p>Derivado de las investigaciones realizadas por la FGEO, se logr\u00f3 aprehender y presentar al imputado ante el Juez que atiende la causa, quien dict\u00f3 fallo condenatorio en contra C.G.G.L., como responsable en la comisi\u00f3n del delito de Homicidio Calificado con Ventaja.<\/p>\n\n\n\n<p>La Fiscal\u00eda General de Oaxaca, est\u00e1 comprometida con brindar atenci\u00f3n a los casos en delitos de alto impacto, para garantizar a las v\u00edctimas directas e indirectas un adecuado acceso a los procesos de procuraci\u00f3n de justicia.<\/p>\n\n\n\n<p>OTRO SENTENCIADO<\/p>\n\n\n\n<p>En otro caso, la Fiscal\u00eda General del Estado obtuvo Sentencia Condenatoria dictada en audiencia de debate, contra una persona del sexo masculino identificada como L.P.G., responsable del delito de Violencia Familiar, por hechos ocurridos en la regi\u00f3n de Costa.<\/p>\n\n\n\n<p>De acuerdo con la causa penal, los hechos ocurrieron el 29 de noviembre de 2022, cuando la v\u00edctima identificada como L.M.R.R., se encontraba en su domicilio, ubicado en el barrio de la Soledad, Bajos de Chila, jurisdicci\u00f3n de San Pedro Mixtepec, sitio al que lleg\u00f3 el imputado, quien la agredi\u00f3.<\/p>\n\n\n\n<p>Ante estos hechos, la FGEO inici\u00f3 una exhaustiva investigaci\u00f3n a trav\u00e9s de la Vicefiscal\u00eda Regional de la Costa, la cual permiti\u00f3 llevar al imputado ante el Juez, quien, en audiencia de debate, dict\u00f3 Sentencia Condenatoria en contra de L.P.G., por su responsabilidad en la comisi\u00f3n del delito de Violencia Familiar, imponiendo la pena de tres a\u00f1os de prisi\u00f3n, adem\u00e1s de una multa y el pago de la reparaci\u00f3n del da\u00f1o en abstracto.<\/p>\n\n\n\n<p>La Fiscal\u00eda General de Estado de Oaxaca realiza investigaciones multidisciplinarias y con perspectiva de g\u00e9nero, a fin de brindar a las v\u00edctimas directas e indirectas adecuados procesos de procuraci\u00f3n de justicia.<\/p>\n","protected":false},"excerpt":{"rendered":"<p>Redacci\u00f3n\/Zona Roja.&nbsp; Oaxaca de Ju\u00e1rez, Oax., a 30 de marzo de 2024.- La investigaci\u00f3n especializada&hellip;<\/p>\n","protected":false},"author":2,"featured_media":48536,"comment_status":"closed","ping_status":"open","sticky":false,"template":"","format":"standard","meta":{"_lmt_disableupdate":"","_lmt_disable":"","_jetpack_memberships_contains_paid_content":false,"footnotes":""},"categories":[109,46],"tags":[494],"class_list":["post-66775","post","type-post","status-publish","format-standard","has-post-thumbnail","hentry","category-minuto-a-minuto","category-zona-blanca","tag-fiscalia-general-del-estado-de-oaxaca"],"jetpack_featured_media_url":"https:\/\/zonaroja.com.mx\/wp-content\/uploads\/2022\/11\/Carcel-prision-separos-detenido-1.jpeg","jetpack_sharing_enabled":true,"_links":{"self":[{"href":"https:\/\/zonaroja.com.mx\/index.php?rest_route=\/wp\/v2\/posts\/66775","targetHints":{"allow":["GET"]}}],"collection":[{"href":"https:\/\/zonaroja.com.mx\/index.php?rest_route=\/wp\/v2\/posts"}],"about":[{"href":"https:\/\/zonaroja.com.mx\/index.php?rest_route=\/wp\/v2\/types\/post"}],"author":[{"embeddable":true,"href":"https:\/\/zonaroja.com.mx\/index.php?rest_route=\/wp\/v2\/users\/2"}],"replies":[{"embeddable":true,"href":"https:\/\/zonaroja.com.mx\/index.php?rest_route=%2Fwp%2Fv2%2Fcomments&post=66775"}],"version-history":[{"count":2,"href":"https:\/\/zonaroja.com.mx\/index.php?rest_route=\/wp\/v2\/posts\/66775\/revisions"}],"predecessor-version":[{"id":66807,"href":"https:\/\/zonaroja.com.mx\/index.php?rest_route=\/wp\/v2\/posts\/66775\/revisions\/66807"}],"wp:featuredmedia":[{"embeddable":true,"href":"https:\/\/zonaroja.com.mx\/index.php?rest_route=\/wp\/v2\/media\/48536"}],"wp:attachment":[{"href":"https:\/\/zonaroja.com.mx\/index.php?rest_route=%2Fwp%2Fv2%2Fmedia&parent=66775"}],"wp:term":[{"taxonomy":"category","embeddable":true,"href":"https:\/\/zonaroja.com.mx\/index.php?rest_route=%2Fwp%2Fv2%2Fcategories&post=66775"},{"taxonomy":"post_tag","embeddable":true,"href":"https:\/\/zonaroja.com.mx\/index.php?rest_route=%2Fwp%2Fv2%2Ftags&post=66775"}],"curies":[{"name":"wp","href":"https:\/\/api.w.org\/{rel}","templated":true}]}}