{"id":66777,"date":"2024-03-29T10:00:00","date_gmt":"2024-03-29T16:00:00","guid":{"rendered":"http:\/\/www.zonaroja.com.mx\/?p=66777"},"modified":"2024-03-29T07:06:53","modified_gmt":"2024-03-29T13:06:53","slug":"muere-diputado-federal-de-chiapas-en-accidente-aereo-junto-con-su-familia","status":"publish","type":"post","link":"https:\/\/zonaroja.com.mx\/?p=66777","title":{"rendered":"Muere diputado federal de Chiapas en accidente a\u00e9reo, junto con su familia"},"content":{"rendered":"\n<p>Redacci\u00f3n\/Zona Roja Cdmx.<\/p>\n\n\n\n<p>Ciudad de M\u00e9xico, a 29 de marzo de 2024.- El diputado federal de Morena, Juan Pablo Montes de Oca, falleci\u00f3 la tarde de este jueves 28 de marzo, esto al ser v\u00edctima del presunto desplome de una avioneta en Chiapas.&nbsp;<\/p>\n\n\n\n<p>Reportes indican que en el accidente a\u00e9reo estuvo tambi\u00e9n su esposa e hijos.<\/p>\n\n\n\n<p>Eduardo Ram\u00edrez, candidato a la gubernatura de Chiapas en representaci\u00f3n de Morena, fue quien dio a conocer la noticia del fallecimiento cerca de las 17:00 horas.<\/p>\n\n\n\n<p>\u201cEscribo estas palabras con el coraz\u00f3n roto, devastado. No logro asimilar la partida de mi gran amigo, mi hermano, Juan Pablo Montes de Oca, su esposa y sus hijos. Esta tragedia me ha dejado una profunda tristeza, un hueco en el alma&#8230; me quedo con todas las pl\u00e1ticas y coincidencias. Te extra\u00f1ar\u00e9, pero s\u00e9 que desde donde est\u00e1s nos acompa\u00f1ar\u00e1s en este proyecto, que es tuyo y, que en tu memoria y de tu familia, seguiremos rugiendo\u201d, escribi\u00f3 Ram\u00edrez en sus redes sociales.<\/p>\n\n\n\n<p>Claudia Delgadillo, candidata de Morena al gobierno de Jalisco, tambi\u00e9n se pronunci\u00f3 sobre el fallecimiento de Montes de Oca, y asegur\u00f3 que fue en un \u201cterrible accidente\u201d, por lo que mand\u00f3 sus condolencias a familiares y amigos.<\/p>\n\n\n\n<p>Funcionarios de otros partidos, como Checo Ibarra de Movimiento Ciudadano, o Manuel Velasco del Partido Verde, tambi\u00e9n lamentaron el fallecimiento del diputado morenista y su familia.<\/p>\n\n\n\n<p>\u00bfQUI\u00c9N ERA?<\/p>\n\n\n\n<p>Nacido el 20 de diciembre de 1977 en Venustiano Carranza, Chiapas, Juan Pablo Montes de Oca fue un funcionario p\u00fablico que dedic\u00f3 buena parte de su carrera a legislar por su entidad.<\/p>\n\n\n\n<p>Estudi\u00f3 Ingenier\u00eda Civil por la Universidad Aut\u00f3noma de Chiapas e hizo un diplomado en Geotecnia Aplicada a las V\u00edas Terrestres.<\/p>\n\n\n\n<p>A partir del 2000 comenz\u00f3 su carrera profesional en la iniciativa privada, siendo supervisor de obras en Coyatoc Constructores, adem\u00e1s de ser gerente en la constructora Alta Calidad en Construcci\u00f3n.<\/p>\n\n\n\n<p>De a poco se adentr\u00f3 en la pol\u00edtica, y para el 2011 se volvi\u00f3 presidente municipal en su natal Venustiano Carranza, aunque en 2012 dej\u00f3 el cargo para volverse subsecretario de Infraestructura, Carretera e Hidr\u00e1ulica en el gobierno de Chiapas, esto durante la gesti\u00f3n de Manuel Velasco.<\/p>\n\n\n\n<p>En 2018 se volvi\u00f3 diputado local en Chiapas, y para 2021 subi\u00f3 a la C\u00e1mara de Diputados federal en representaci\u00f3n de su entidad, formando parte de comisiones como Desarrollo Urbano, Infraestructura, Deporte y Recursos Hidr\u00e1ulicos.<\/p>\n\n\n\n<p>En meses pasados hab\u00eda solicitado licencia para integrarse a la campa\u00f1a de Eduardo Ram\u00edrez por el gobierno de Chiapas.<\/p>\n\n\n\n<p>(Informaci\u00f3n de \u201cEl Financiero\u201d)<\/p>\n","protected":false},"excerpt":{"rendered":"<p>Redacci\u00f3n\/Zona Roja Cdmx. Ciudad de M\u00e9xico, a 29 de marzo de 2024.- El diputado federal&hellip;<\/p>\n","protected":false},"author":2,"featured_media":66779,"comment_status":"closed","ping_status":"open","sticky":false,"template":"","format":"standard","meta":{"_lmt_disableupdate":"","_lmt_disable":"","_jetpack_memberships_contains_paid_content":false,"footnotes":""},"categories":[109,47],"tags":[3889],"class_list":["post-66777","post","type-post","status-publish","format-standard","has-post-thumbnail","hentry","category-minuto-a-minuto","category-zona-gris","tag-juan-pablo-montes-de-oca"],"jetpack_featured_media_url":"https:\/\/zonaroja.com.mx\/wp-content\/uploads\/2024\/03\/Diputado-Juan-Pablo-Montes-Chiapas.webp","jetpack_sharing_enabled":true,"_links":{"self":[{"href":"https:\/\/zonaroja.com.mx\/index.php?rest_route=\/wp\/v2\/posts\/66777","targetHints":{"allow":["GET"]}}],"collection":[{"href":"https:\/\/zonaroja.com.mx\/index.php?rest_route=\/wp\/v2\/posts"}],"about":[{"href":"https:\/\/zonaroja.com.mx\/index.php?rest_route=\/wp\/v2\/types\/post"}],"author":[{"embeddable":true,"href":"https:\/\/zonaroja.com.mx\/index.php?rest_route=\/wp\/v2\/users\/2"}],"replies":[{"embeddable":true,"href":"https:\/\/zonaroja.com.mx\/index.php?rest_route=%2Fwp%2Fv2%2Fcomments&post=66777"}],"version-history":[{"count":1,"href":"https:\/\/zonaroja.com.mx\/index.php?rest_route=\/wp\/v2\/posts\/66777\/revisions"}],"predecessor-version":[{"id":66780,"href":"https:\/\/zonaroja.com.mx\/index.php?rest_route=\/wp\/v2\/posts\/66777\/revisions\/66780"}],"wp:featuredmedia":[{"embeddable":true,"href":"https:\/\/zonaroja.com.mx\/index.php?rest_route=\/wp\/v2\/media\/66779"}],"wp:attachment":[{"href":"https:\/\/zonaroja.com.mx\/index.php?rest_route=%2Fwp%2Fv2%2Fmedia&parent=66777"}],"wp:term":[{"taxonomy":"category","embeddable":true,"href":"https:\/\/zonaroja.com.mx\/index.php?rest_route=%2Fwp%2Fv2%2Fcategories&post=66777"},{"taxonomy":"post_tag","embeddable":true,"href":"https:\/\/zonaroja.com.mx\/index.php?rest_route=%2Fwp%2Fv2%2Ftags&post=66777"}],"curies":[{"name":"wp","href":"https:\/\/api.w.org\/{rel}","templated":true}]}}