{"id":6679,"date":"2019-12-15T07:29:07","date_gmt":"2019-12-15T13:29:07","guid":{"rendered":"http:\/\/www.zonaroja.com.mx\/?p=6679"},"modified":"2019-12-15T07:29:11","modified_gmt":"2019-12-15T13:29:11","slug":"daran-640-tabletas-a-30-escuelas-primarias-de-oaxaca","status":"publish","type":"post","link":"https:\/\/zonaroja.com.mx\/?p=6679","title":{"rendered":"Dar\u00e1n 640 tabletas a 30 escuelas primarias de Oaxaca"},"content":{"rendered":"\n<p>Redacci\u00f3n\/Zona Roja.<\/p>\n\n\n\n<p>Oaxaca de Ju\u00e1rez, Oax., 15 de diciembre\nde 2019.- Como resultado de la firma de un convenio, Instituto Estatal de Educaci\u00f3n\nP\u00fablica de Oaxaca (IEEPO) y la Fundaci\u00f3n Telef\u00f3nica M\u00e9xico apoyar\u00e1n a 30\nescuelas del nivel primaria con 640 tabletas.<\/p>\n\n\n\n<p>El acuerdo fue firmado por el titular\ndel Instituto, Francisco \u00c1ngel Villarreal y la directora de asociaci\u00f3n civil,\nNidia Ch\u00e1vez, con la finalidad de impulsar la formaci\u00f3n de habilidades\ndigitales en beneficio de m\u00e1s de dos mil 400 estudiantes y 135 docentes de\neducaci\u00f3n b\u00e1sica con el uso de la tecnolog\u00eda educativa.<\/p>\n\n\n\n<p>Con este convenio se entregar\u00e1n 640\ntabletas a 30 escuelas primarias -10 regulares y 20 multigrado-, las cuales\ncuentan con una plataforma educativa con 120 contenidos para fortalecer la\natenci\u00f3n que se brinda a trav\u00e9s de los servicios educativos.<\/p>\n\n\n\n<p>Durante la firma de este documento, el\ntitular del IEEPO agradeci\u00f3 a la Fundaci\u00f3n Telef\u00f3nica M\u00e9xico por el esfuerzo\nrealizado en favor de la ni\u00f1ez oaxaque\u00f1a, ya que a trav\u00e9s de estas acciones se\ncontribuye en la formaci\u00f3n integral de las y los alumnos para que accedan a una\neducaci\u00f3n de excelencia con los beneficios tecnol\u00f3gicos.<\/p>\n\n\n\n<p>Destac\u00f3 que se trabajar\u00e1 de manera\ncoordinada para que un mayor n\u00famero de escuelas puedan ser beneficiadas con el\nrespaldo que brinda la Fundaci\u00f3n, la cual tiene presencia en 10 estados del\npa\u00eds, y fortalecer la educaci\u00f3n que se otorga a los escolares con el uso de los\nmedios tecnol\u00f3gicos.<\/p>\n\n\n\n<p>En tanto la directora de la Fundaci\u00f3n\nTelef\u00f3nica M\u00e9xico, Nidia Ch\u00e1vez, agradeci\u00f3 el respaldo que brinda el IEEPO para\nque las escuelas, alumnas, alumnos y docentes sean beneficiados con estos\napoyos.<\/p>\n\n\n\n<p>Explic\u00f3 que la Fundaci\u00f3n brindar\u00e1 el\nrespaldo tecnol\u00f3gico y pedag\u00f3gico para que los docentes puedan acceder a los\n120 contenidos que est\u00e1n cargados en un servidor, y ellos tambi\u00e9n puedan\nagregar los suyos sobre las din\u00e1micas que realizan en las aulas.<\/p>\n\n\n\n<p>\u201cSe acompa\u00f1ar\u00e1 a los docentes durante el\nproceso del uso de la tecnolog\u00eda digital que favorecer\u00e1 a las y los alumnos\noaxaque\u00f1os en el aprendizaje de habilidades digitales\u201d, indic\u00f3.<\/p>\n\n\n\n<p>El IEEPO, con este convenio, promover\u00e1\nla participaci\u00f3n de las personas involucradas en la impartici\u00f3n de los cursos\nque brindar\u00e1 la Fundaci\u00f3n y otorgar\u00e1 las facilidades para el acompa\u00f1amiento de\nestos apoyos.<\/p>\n\n\n\n<p>La Fundaci\u00f3n Telef\u00f3nica M\u00e9xico\ndesarrolla habilidades tecnol\u00f3gicas y pedag\u00f3gicas para generar experiencias\ninnovadoras de aprendizaje, brindando acompa\u00f1amiento constante para atender las\nnecesidades en la planeaci\u00f3n, realizaci\u00f3n y evaluaci\u00f3n de secuencias\ndid\u00e1cticas, as\u00ed como el apoyo t\u00e9cnico para el manejo de la soluci\u00f3n.<\/p>\n","protected":false},"excerpt":{"rendered":"<p>Redacci\u00f3n\/Zona Roja. Oaxaca de Ju\u00e1rez, Oax., 15 de diciembre de 2019.- Como resultado de la&hellip;<\/p>\n","protected":false},"author":2,"featured_media":6680,"comment_status":"closed","ping_status":"open","sticky":false,"template":"","format":"standard","meta":{"_lmt_disableupdate":"","_lmt_disable":"","_jetpack_memberships_contains_paid_content":false,"footnotes":""},"categories":[109,46],"tags":[652,599],"class_list":["post-6679","post","type-post","status-publish","format-standard","has-post-thumbnail","hentry","category-minuto-a-minuto","category-zona-blanca","tag-francisco-angel-villarreal","tag-instituto-estatal-de-educacion-publica-de-oaxaca"],"jetpack_featured_media_url":"https:\/\/zonaroja.com.mx\/wp-content\/uploads\/2019\/12\/IEEPO-Firma-convenio-2.jpeg","jetpack_sharing_enabled":true,"_links":{"self":[{"href":"https:\/\/zonaroja.com.mx\/index.php?rest_route=\/wp\/v2\/posts\/6679","targetHints":{"allow":["GET"]}}],"collection":[{"href":"https:\/\/zonaroja.com.mx\/index.php?rest_route=\/wp\/v2\/posts"}],"about":[{"href":"https:\/\/zonaroja.com.mx\/index.php?rest_route=\/wp\/v2\/types\/post"}],"author":[{"embeddable":true,"href":"https:\/\/zonaroja.com.mx\/index.php?rest_route=\/wp\/v2\/users\/2"}],"replies":[{"embeddable":true,"href":"https:\/\/zonaroja.com.mx\/index.php?rest_route=%2Fwp%2Fv2%2Fcomments&post=6679"}],"version-history":[{"count":1,"href":"https:\/\/zonaroja.com.mx\/index.php?rest_route=\/wp\/v2\/posts\/6679\/revisions"}],"predecessor-version":[{"id":6681,"href":"https:\/\/zonaroja.com.mx\/index.php?rest_route=\/wp\/v2\/posts\/6679\/revisions\/6681"}],"wp:featuredmedia":[{"embeddable":true,"href":"https:\/\/zonaroja.com.mx\/index.php?rest_route=\/wp\/v2\/media\/6680"}],"wp:attachment":[{"href":"https:\/\/zonaroja.com.mx\/index.php?rest_route=%2Fwp%2Fv2%2Fmedia&parent=6679"}],"wp:term":[{"taxonomy":"category","embeddable":true,"href":"https:\/\/zonaroja.com.mx\/index.php?rest_route=%2Fwp%2Fv2%2Fcategories&post=6679"},{"taxonomy":"post_tag","embeddable":true,"href":"https:\/\/zonaroja.com.mx\/index.php?rest_route=%2Fwp%2Fv2%2Ftags&post=6679"}],"curies":[{"name":"wp","href":"https:\/\/api.w.org\/{rel}","templated":true}]}}