{"id":66797,"date":"2024-03-29T20:03:39","date_gmt":"2024-03-30T02:03:39","guid":{"rendered":"http:\/\/www.zonaroja.com.mx\/?p=66797"},"modified":"2024-03-29T20:03:40","modified_gmt":"2024-03-30T02:03:40","slug":"otro-secuestro-masivo-en-mexico-ahora-13-personas-en-nuevo-leon","status":"publish","type":"post","link":"https:\/\/zonaroja.com.mx\/?p=66797","title":{"rendered":"Otro secuestro masivo en M\u00e9xico: ahora 13 personas en Nuevo Le\u00f3n"},"content":{"rendered":"\n<p>Redacci\u00f3n\/Zona Roja Cdmx.<\/p>\n\n\n\n<p>Ciudad de M\u00e9xico, a 29 de marzo de 2024.- Hombres armados presuntamente secuestraron a 13 personas, entre ellos menores de edad, en la comunidad Los Villarreales del municipio de Salinas Victoria, en el estado de Nuevo Le\u00f3n.<\/p>\n\n\n\n<p>De acuerdo con reportes de diferentes medios locales y nacionales, las personas secuestradas son integrantes de cuatro familias, lo que hace recordar lo sucedido en varias comunidades de Culiac\u00e1n, Sinaloa, en d\u00edas pasados.<\/p>\n\n\n\n<p>El diario \u201cMilenio\u201d, quien cita fuentes cercanas a las investigaciones, refiere que al momento del secuestro, ocurrido pasadas las 11 de la noche del mi\u00e9rcoles 27 de marzo, los sujetos armados preguntaban por un hombre, por lo que al no localizarlo decidieron llevarse a estas personas.<\/p>\n\n\n\n<p>Los hechos se dieron en diferentes puntos del poblado Los Villarreales, tan s\u00f3lo a unos kil\u00f3metros al norte de la cabecera municipal.<\/p>\n\n\n\n<p>Por estos hechos, agentes ministeriales de la Unidad Antisecuestro se trasladaron a la zona para comenzar con las primeras investigaciones de los hechos.<\/p>\n\n\n\n<p>Infobae M\u00e9xico consult\u00f3 a la Fiscal\u00eda General de Justicia (FGJ) del estado de Nuevo Le\u00f3n para conocer los detalles del caso; sin embargo, las autoridades ministeriales mantienen reservada la informaci\u00f3n debido a que hay privaciones que involucra a menores, \u201ctenemos una reserva en la informaci\u00f3n para proteger la integridad de las v\u00edctimas\u201d.<\/p>\n\n\n\n<p>Hasta el momento de esta nota, la Fiscal\u00eda estatal no ha confirmado datos generales del secuestro, como si s\u00f3lo ocurri\u00f3 en este municipio o la cantidad de personas secuestradas.<\/p>\n\n\n\n<p>Este hecho recuerdan al \u201clevanton\u201d masivo de 66 personas en varias localidades de Culiac\u00e1n el pasado 22 de marzo, que presuntamente se habr\u00eda cometido ante una pugna entre \u201cLos Chapitos\u201d y su t\u00edo Aureliano Guzm\u00e1n Loera, alias \u201cEl Guano\u201d.<\/p>\n\n\n\n<p>Sin embargo, el pasado 26 de marzo, en medio del clima de tensiones en&nbsp;Sinaloa, narcomensajes atribuidos a&nbsp;Iv\u00e1n Archivaldo Guzm\u00e1n Salazar, hijo de Joaqu\u00edn \u2018El Chapo\u2019 Guzm\u00e1n, han surgido como un intento por desmentir conflictos internos dentro del&nbsp;C\u00e1rtel de Sinaloa.<\/p>\n\n\n\n<p>Estos mensajes, distribuidos en diversas partes de la ciudad, aseguran que no existen enfrentamientos entre las facciones conocidas como&nbsp;\u201cLos Chapitos\u201d&nbsp;y&nbsp;\u201cEl Guano\u201d, desvinculando los recientes actos de violencia de una supuesta disputa por el control de la organizaci\u00f3n. Estos hechos se atribuyen a represalias contra grupos criminales dedicados al robo en la regi\u00f3n.<\/p>\n\n\n\n<p>EN MICHOAC\u00c1N<\/p>\n\n\n\n<p>Ayer, la Secretar\u00eda de Seguridad P\u00fablica de Michoac\u00e1n report\u00f3 el hallazgo de dos cuerpos de una mujer y un hombre que fueron abandonados en un t\u00fanel veh\u00edcular en Morelia, Michoac\u00e1n.<\/p>\n\n\n\n<p>Esta informaci\u00f3n fue confirmada luego de que se reportaran una sucesi\u00f3n de detonaciones de arma de fuefo en el sur de la ciudad, autoridades confirmaron el descubrimiento de dos hombres encontrados sin vida en el ramal Camelinas.<\/p>\n\n\n\n<p>Las v\u00edctimas presentaban heridas de bala y estaban atadas de manos y pies, ubicadas en la entrada de un t\u00fanel.<\/p>\n\n\n\n<p>Seg\u00fan las investigaciones preliminares, las se\u00f1ales indican que el asesinato de estos individuos ocurri\u00f3 en un lugar diferente al de su posterior hallazgo.<\/p>\n\n\n\n<p>(Informaci\u00f3n de Infobae M\u00e9xico)<\/p>\n","protected":false},"excerpt":{"rendered":"<p>Redacci\u00f3n\/Zona Roja Cdmx. Ciudad de M\u00e9xico, a 29 de marzo de 2024.- Hombres armados presuntamente&hellip;<\/p>\n","protected":false},"author":2,"featured_media":66802,"comment_status":"closed","ping_status":"open","sticky":false,"template":"","format":"standard","meta":{"_lmt_disableupdate":"","_lmt_disable":"","_jetpack_memberships_contains_paid_content":false,"footnotes":""},"categories":[109,47],"tags":[3476],"class_list":["post-66797","post","type-post","status-publish","format-standard","has-post-thumbnail","hentry","category-minuto-a-minuto","category-zona-gris","tag-nuevo-leon"],"jetpack_featured_media_url":"https:\/\/zonaroja.com.mx\/wp-content\/uploads\/2024\/03\/Secuestrados-Nuevo-Leon.jpg.webp","jetpack_sharing_enabled":true,"_links":{"self":[{"href":"https:\/\/zonaroja.com.mx\/index.php?rest_route=\/wp\/v2\/posts\/66797","targetHints":{"allow":["GET"]}}],"collection":[{"href":"https:\/\/zonaroja.com.mx\/index.php?rest_route=\/wp\/v2\/posts"}],"about":[{"href":"https:\/\/zonaroja.com.mx\/index.php?rest_route=\/wp\/v2\/types\/post"}],"author":[{"embeddable":true,"href":"https:\/\/zonaroja.com.mx\/index.php?rest_route=\/wp\/v2\/users\/2"}],"replies":[{"embeddable":true,"href":"https:\/\/zonaroja.com.mx\/index.php?rest_route=%2Fwp%2Fv2%2Fcomments&post=66797"}],"version-history":[{"count":1,"href":"https:\/\/zonaroja.com.mx\/index.php?rest_route=\/wp\/v2\/posts\/66797\/revisions"}],"predecessor-version":[{"id":66803,"href":"https:\/\/zonaroja.com.mx\/index.php?rest_route=\/wp\/v2\/posts\/66797\/revisions\/66803"}],"wp:featuredmedia":[{"embeddable":true,"href":"https:\/\/zonaroja.com.mx\/index.php?rest_route=\/wp\/v2\/media\/66802"}],"wp:attachment":[{"href":"https:\/\/zonaroja.com.mx\/index.php?rest_route=%2Fwp%2Fv2%2Fmedia&parent=66797"}],"wp:term":[{"taxonomy":"category","embeddable":true,"href":"https:\/\/zonaroja.com.mx\/index.php?rest_route=%2Fwp%2Fv2%2Fcategories&post=66797"},{"taxonomy":"post_tag","embeddable":true,"href":"https:\/\/zonaroja.com.mx\/index.php?rest_route=%2Fwp%2Fv2%2Ftags&post=66797"}],"curies":[{"name":"wp","href":"https:\/\/api.w.org\/{rel}","templated":true}]}}