{"id":66804,"date":"2024-03-29T20:24:48","date_gmt":"2024-03-30T02:24:48","guid":{"rendered":"http:\/\/www.zonaroja.com.mx\/?p=66804"},"modified":"2024-03-29T20:24:49","modified_gmt":"2024-03-30T02:24:49","slug":"localizan-a-cinco-oaxaquenos-que-estaban-desaparecidos-en-chiapas","status":"publish","type":"post","link":"https:\/\/zonaroja.com.mx\/?p=66804","title":{"rendered":"Localizan a cinco oaxaque\u00f1os que estaban desaparecidos en Chiapas"},"content":{"rendered":"\n<p>Redacci\u00f3n\/Zona Roja.&nbsp;<\/p>\n\n\n\n<p>Oaxaca de Ju\u00e1rez, Oax., a 29 de marzo de 2024.- La Fiscal\u00eda General del Estado de Oaxaca localiz\u00f3 con vida a cinco personas, entre ellas una menor de edad, que hab\u00edan sido reportadas como desaparecidas en Chiapas desde el 23 de marzo.<\/p>\n\n\n\n<p>En un comunicado, la instituci\u00f3n detall\u00f3 que con apoyo de la ciudadan\u00eda y con el trabajo de investigaci\u00f3n del personal, fue posible el hallazgo de quienes son originarios de Salina Cruz.<\/p>\n\n\n\n<p>Conforme a lo que consta en las declaraciones de las v\u00edctimas, salieron de Salina Cruz durante la noche del 23 de marzo de 2024, con rumbo a una comunidad en el estado de Chiapas para realizar la compra de mercanc\u00eda, debido a que se dedican al comercio.<\/p>\n\n\n\n<p>Derivado de diferentes circunstancias personales, las personas perdieron contacto con su familia, adem\u00e1s que su ausencia se prolong\u00f3 durante varios d\u00edas hasta que establecieron contacto con la Fiscal\u00eda General para hacer legal su localizaci\u00f3n.<\/p>\n\n\n\n<p>Desde que la Fiscal\u00eda de Oaxaca recibi\u00f3 la denuncia de la no localizaci\u00f3n de las cinco personas, se iniciaron las investigaciones correspondientes a trav\u00e9s de la Vicefiscal\u00eda Regional del Istmo as\u00ed como de la Unidad de B\u00fasqueda de Personas No Localizadas, que activaron los protocolos correspondientes, por lo cuales se emiti\u00f3 la Alerta Amber a nivel nacional.<\/p>\n\n\n\n<p>Durante este jueves 29 de marzo de 2024, fueron presentadas las cinco personas para certificar su localizaci\u00f3n y efectuar los trabajos correspondientes respecto a las v\u00edctimas, trat\u00e1ndose de una mujer de nombre M. C. J. S., as\u00ed como una ni\u00f1a (cuya identidad est\u00e1 reservada por ley, adem\u00e1s de tres hombres identificados como C. J. S., J, M. R. R. y J. I. M. Z.<\/p>\n","protected":false},"excerpt":{"rendered":"<p>Redacci\u00f3n\/Zona Roja.&nbsp; Oaxaca de Ju\u00e1rez, Oax., a 29 de marzo de 2024.- La Fiscal\u00eda General&hellip;<\/p>\n","protected":false},"author":2,"featured_media":66798,"comment_status":"closed","ping_status":"open","sticky":false,"template":"","format":"standard","meta":{"_lmt_disableupdate":"","_lmt_disable":"","_jetpack_memberships_contains_paid_content":false,"footnotes":""},"categories":[109,46],"tags":[494],"class_list":["post-66804","post","type-post","status-publish","format-standard","has-post-thumbnail","hentry","category-minuto-a-minuto","category-zona-blanca","tag-fiscalia-general-del-estado-de-oaxaca"],"jetpack_featured_media_url":"https:\/\/zonaroja.com.mx\/wp-content\/uploads\/2024\/03\/Desaparecidos-en-Chiapas-y-localizados.jpg","jetpack_sharing_enabled":true,"_links":{"self":[{"href":"https:\/\/zonaroja.com.mx\/index.php?rest_route=\/wp\/v2\/posts\/66804","targetHints":{"allow":["GET"]}}],"collection":[{"href":"https:\/\/zonaroja.com.mx\/index.php?rest_route=\/wp\/v2\/posts"}],"about":[{"href":"https:\/\/zonaroja.com.mx\/index.php?rest_route=\/wp\/v2\/types\/post"}],"author":[{"embeddable":true,"href":"https:\/\/zonaroja.com.mx\/index.php?rest_route=\/wp\/v2\/users\/2"}],"replies":[{"embeddable":true,"href":"https:\/\/zonaroja.com.mx\/index.php?rest_route=%2Fwp%2Fv2%2Fcomments&post=66804"}],"version-history":[{"count":1,"href":"https:\/\/zonaroja.com.mx\/index.php?rest_route=\/wp\/v2\/posts\/66804\/revisions"}],"predecessor-version":[{"id":66805,"href":"https:\/\/zonaroja.com.mx\/index.php?rest_route=\/wp\/v2\/posts\/66804\/revisions\/66805"}],"wp:featuredmedia":[{"embeddable":true,"href":"https:\/\/zonaroja.com.mx\/index.php?rest_route=\/wp\/v2\/media\/66798"}],"wp:attachment":[{"href":"https:\/\/zonaroja.com.mx\/index.php?rest_route=%2Fwp%2Fv2%2Fmedia&parent=66804"}],"wp:term":[{"taxonomy":"category","embeddable":true,"href":"https:\/\/zonaroja.com.mx\/index.php?rest_route=%2Fwp%2Fv2%2Fcategories&post=66804"},{"taxonomy":"post_tag","embeddable":true,"href":"https:\/\/zonaroja.com.mx\/index.php?rest_route=%2Fwp%2Fv2%2Ftags&post=66804"}],"curies":[{"name":"wp","href":"https:\/\/api.w.org\/{rel}","templated":true}]}}