{"id":66808,"date":"2024-03-30T07:24:00","date_gmt":"2024-03-30T13:24:00","guid":{"rendered":"http:\/\/www.zonaroja.com.mx\/?p=66808"},"modified":"2024-03-30T06:33:24","modified_gmt":"2024-03-30T12:33:24","slug":"detiene-fiscalia-en-menos-de-48-horas-a-presunto-feminicida-del-istmo","status":"publish","type":"post","link":"https:\/\/zonaroja.com.mx\/?p=66808","title":{"rendered":"Detiene Fiscal\u00eda en menos de 48 horas a presunto feminicida del Istmo"},"content":{"rendered":"\n<p>Raymundo Morales\/Zona Roja.<\/p>\n\n\n\n<p>Oaxaca de Ju\u00e1rez, Oax., a 30 de marzo de 2024.- En menos de 48 horas, la Fiscal\u00eda General del Estado de Oaxaca ejecut\u00f3 una orden de aprehensi\u00f3n en contra de un individuo de origen extranjero que presuntamente asesin\u00f3 a su pareja, en la regi\u00f3n del Istmo.<\/p>\n\n\n\n<p>Se trata de Francisco Antonio A. C., de 33 a\u00f1os de edad, originario del pa\u00eds de El Salvador, quien la tarde del mi\u00e9rcoles agredi\u00f3 con un arma blanca a su pareja, Juventina G. F., o Paola G. F., tambi\u00e9n migrante, en un domicilio en la calle Allende del barrio San Antonio, municipio de Ciudad Ixtepec.<\/p>\n\n\n\n<p>El sujeto ingres\u00f3 al hogar mientras la joven se hallaba descansando en una hamaca y le asest\u00f3 al menos 33 pu\u00f1aladas, tras lo cual intent\u00f3 huir, pero fue apresado posteriormente por elementos de la Agencia Estatal de Investigaciones comisionados en Ciudad Ixtepec.<\/p>\n\n\n\n<p>La Fiscal\u00eda General del Estado de Oaxaca lo puso a disposici\u00f3n de un juez para que tome la determinaci\u00f3n conducente.<\/p>\n","protected":false},"excerpt":{"rendered":"<p>Raymundo Morales\/Zona Roja. Oaxaca de Ju\u00e1rez, Oax., a 30 de marzo de 2024.- En menos&hellip;<\/p>\n","protected":false},"author":2,"featured_media":66799,"comment_status":"closed","ping_status":"open","sticky":false,"template":"","format":"standard","meta":{"_lmt_disableupdate":"","_lmt_disable":"","_jetpack_memberships_contains_paid_content":false,"footnotes":""},"categories":[109,46],"tags":[494],"class_list":["post-66808","post","type-post","status-publish","format-standard","has-post-thumbnail","hentry","category-minuto-a-minuto","category-zona-blanca","tag-fiscalia-general-del-estado-de-oaxaca"],"jetpack_featured_media_url":"https:\/\/zonaroja.com.mx\/wp-content\/uploads\/2024\/03\/Detenido-por-feminicidio-en-Ciudad-Ixtepec.jpg","jetpack_sharing_enabled":true,"_links":{"self":[{"href":"https:\/\/zonaroja.com.mx\/index.php?rest_route=\/wp\/v2\/posts\/66808","targetHints":{"allow":["GET"]}}],"collection":[{"href":"https:\/\/zonaroja.com.mx\/index.php?rest_route=\/wp\/v2\/posts"}],"about":[{"href":"https:\/\/zonaroja.com.mx\/index.php?rest_route=\/wp\/v2\/types\/post"}],"author":[{"embeddable":true,"href":"https:\/\/zonaroja.com.mx\/index.php?rest_route=\/wp\/v2\/users\/2"}],"replies":[{"embeddable":true,"href":"https:\/\/zonaroja.com.mx\/index.php?rest_route=%2Fwp%2Fv2%2Fcomments&post=66808"}],"version-history":[{"count":1,"href":"https:\/\/zonaroja.com.mx\/index.php?rest_route=\/wp\/v2\/posts\/66808\/revisions"}],"predecessor-version":[{"id":66809,"href":"https:\/\/zonaroja.com.mx\/index.php?rest_route=\/wp\/v2\/posts\/66808\/revisions\/66809"}],"wp:featuredmedia":[{"embeddable":true,"href":"https:\/\/zonaroja.com.mx\/index.php?rest_route=\/wp\/v2\/media\/66799"}],"wp:attachment":[{"href":"https:\/\/zonaroja.com.mx\/index.php?rest_route=%2Fwp%2Fv2%2Fmedia&parent=66808"}],"wp:term":[{"taxonomy":"category","embeddable":true,"href":"https:\/\/zonaroja.com.mx\/index.php?rest_route=%2Fwp%2Fv2%2Fcategories&post=66808"},{"taxonomy":"post_tag","embeddable":true,"href":"https:\/\/zonaroja.com.mx\/index.php?rest_route=%2Fwp%2Fv2%2Ftags&post=66808"}],"curies":[{"name":"wp","href":"https:\/\/api.w.org\/{rel}","templated":true}]}}