{"id":66810,"date":"2024-03-30T08:33:00","date_gmt":"2024-03-30T14:33:00","guid":{"rendered":"http:\/\/www.zonaroja.com.mx\/?p=66810"},"modified":"2024-03-30T06:59:38","modified_gmt":"2024-03-30T12:59:38","slug":"asesinan-a-dos-personas-en-viernes-santo-en-oaxaca","status":"publish","type":"post","link":"https:\/\/zonaroja.com.mx\/?p=66810","title":{"rendered":"Asesinan a dos personas en Viernes Santo en Oaxaca"},"content":{"rendered":"\n<p>Ismael Garc\u00eda M.\/Zona Roja.<\/p>\n\n\n\n<p>Oaxaca de Ju\u00e1rez, Oax., a 30 de marzo de 2024.- En hechos distintos, dos personas del sexo masculino fueron asesinadas ayer en Oaxaca, durante el llamado Viernes Santo.<\/p>\n\n\n\n<p>La madrugada de ayer, un joven fue atacado a pu\u00f1aladas en la calle San Mart\u00edn casi esquina con Pino Su\u00e1rez, a unos pasos del parque \u201cEl Llano\u201d.<\/p>\n\n\n\n<p>Personal de la polic\u00eda municipal le dio los primeros auxilios y lo traslad\u00f3 a la sede de la Cruz Roja Mexicana, pero en ese lugar argumentaron que no hab\u00eda cirujano para intervenir al lesionado.<\/p>\n\n\n\n<p>Por lo cual una ambulancia de la instituci\u00f3n altruista lo traslad\u00f3 al Hospital General \u201cDr. Aurelio Valdivieso\u201d, dependiente de los Servicios de Salud de Oaxaca, pero al llegar ah\u00ed, la v\u00edctima cay\u00f3 en un paro respiratorio y en consecuencia perdi\u00f3 la vida.<\/p>\n\n\n\n<p>Del o los agresores hasta el momento las autoridades policiacas de la capital no tienen ning\u00fan indicio.<\/p>\n\n\n\n<p>EN PINOTEPA<\/p>\n\n\n\n<p>Tambi\u00e9n ayer por la ma\u00f1ana pero en Santiago Jamiltepec, municipio de la regi\u00f3n Costa de Oaxaca, fue asesinada una persona del sexo masculino.<\/p>\n\n\n\n<p>La v\u00edctima fue identificada como Juan R., originario y vecino de la colonia 5 de Mayo del municipio de Santiago Pinotepa Nacional, y hasta el momento se desconoce qui\u00e9n o qui\u00e9nes lo habr\u00edan privado de la vida, con disparos de arma de fuego.<\/p>\n\n\n\n<p>Cabe precisar que la v\u00edspera, tambi\u00e9n en Jamiltepec, pero camino a Comaltepec fue localizado el cuerpo sin vida de un individuo, asesinado a balazos y quien fue identificado como Domingo D. A., de 57 a\u00f1os de edad.<\/p>\n","protected":false},"excerpt":{"rendered":"<p>Ismael Garc\u00eda M.\/Zona Roja. Oaxaca de Ju\u00e1rez, Oax., a 30 de marzo de 2024.- En&hellip;<\/p>\n","protected":false},"author":2,"featured_media":66811,"comment_status":"closed","ping_status":"open","sticky":false,"template":"","format":"standard","meta":{"_lmt_disableupdate":"","_lmt_disable":"","_jetpack_memberships_contains_paid_content":false,"footnotes":""},"categories":[109,51],"tags":[148],"class_list":["post-66810","post","type-post","status-publish","format-standard","has-post-thumbnail","hentry","category-minuto-a-minuto","category-zona-roja","tag-oaxaca-de-juarez"],"jetpack_featured_media_url":"https:\/\/zonaroja.com.mx\/wp-content\/uploads\/2024\/03\/Asesinado-ciudad-de-Oaxaca-29-marzo.jpeg","jetpack_sharing_enabled":true,"_links":{"self":[{"href":"https:\/\/zonaroja.com.mx\/index.php?rest_route=\/wp\/v2\/posts\/66810","targetHints":{"allow":["GET"]}}],"collection":[{"href":"https:\/\/zonaroja.com.mx\/index.php?rest_route=\/wp\/v2\/posts"}],"about":[{"href":"https:\/\/zonaroja.com.mx\/index.php?rest_route=\/wp\/v2\/types\/post"}],"author":[{"embeddable":true,"href":"https:\/\/zonaroja.com.mx\/index.php?rest_route=\/wp\/v2\/users\/2"}],"replies":[{"embeddable":true,"href":"https:\/\/zonaroja.com.mx\/index.php?rest_route=%2Fwp%2Fv2%2Fcomments&post=66810"}],"version-history":[{"count":1,"href":"https:\/\/zonaroja.com.mx\/index.php?rest_route=\/wp\/v2\/posts\/66810\/revisions"}],"predecessor-version":[{"id":66812,"href":"https:\/\/zonaroja.com.mx\/index.php?rest_route=\/wp\/v2\/posts\/66810\/revisions\/66812"}],"wp:featuredmedia":[{"embeddable":true,"href":"https:\/\/zonaroja.com.mx\/index.php?rest_route=\/wp\/v2\/media\/66811"}],"wp:attachment":[{"href":"https:\/\/zonaroja.com.mx\/index.php?rest_route=%2Fwp%2Fv2%2Fmedia&parent=66810"}],"wp:term":[{"taxonomy":"category","embeddable":true,"href":"https:\/\/zonaroja.com.mx\/index.php?rest_route=%2Fwp%2Fv2%2Fcategories&post=66810"},{"taxonomy":"post_tag","embeddable":true,"href":"https:\/\/zonaroja.com.mx\/index.php?rest_route=%2Fwp%2Fv2%2Ftags&post=66810"}],"curies":[{"name":"wp","href":"https:\/\/api.w.org\/{rel}","templated":true}]}}