{"id":66813,"date":"2024-03-30T09:59:00","date_gmt":"2024-03-30T15:59:00","guid":{"rendered":"http:\/\/www.zonaroja.com.mx\/?p=66813"},"modified":"2024-03-30T07:04:01","modified_gmt":"2024-03-30T13:04:01","slug":"detienen-a-presunto-asesino-de-camila-en-taxco-guerrero","status":"publish","type":"post","link":"https:\/\/zonaroja.com.mx\/?p=66813","title":{"rendered":"Detienen a presunto asesino de Camila en Taxco, Guerrero"},"content":{"rendered":"\n<p>Redacci\u00f3n\/Zona Roja Cdmx.<\/p>\n\n\n\n<p>Ciudad de M\u00e9xico, a 30 de marzo de 2024.- Jos\u00e9 \u201cN\u201d, presunto implicado en el feminicidio de la ni\u00f1a Camila fue detenido por la Fiscal\u00eda General del Estado de Guerrero en el municipio de Taxco.<\/p>\n\n\n\n<p>La dependencia inform\u00f3 que la orden de aprehensi\u00f3n se gir\u00f3 en contra de Jos\u00e9 \u201cN\u201d por el probable delito de feminicidio de una menor de edad.<\/p>\n\n\n\n<p>El hombre fue detenido el 28 de marzo por elementos de la Polic\u00eda Investigadora Ministerial y fue puesto a disposici\u00f3n del Juez de Control y Enjuiciamiento Penal del Estado.<\/p>\n\n\n\n<p>\u201cEsta instituci\u00f3n de procuraci\u00f3n de justicia precisa que contin\u00faa con las indagatorias para esclarecer el il\u00edcito en agravio de la menor con el fin de que este hecho no quede impune y el o los presuntos responsables sean llevados ante la justicia\u201d, expuso la fiscal\u00eda en un comunicado.<\/p>\n\n\n\n<p>Aunque la detenci\u00f3n ocurri\u00f3 desde el jueves, la gobernadora de Guerrero, Evelyn Salgado, comparti\u00f3 la informaci\u00f3n este viernes en su cuenta de X y la fiscal\u00eda de Guerrero hizo lo mismo.<\/p>\n\n\n\n<p>De acuerdo con algunos medios de comunicaci\u00f3n locales, Jos\u00e9 \u201cN\u201d ser\u00eda el taxista filmado en c\u00e1maras de seguridad de vecinos de Taxco que captaron el momento en que ayuda a trasladar en su taxi una bolsa negra de pl\u00e1stico, en la que supuestamente ir\u00eda el cad\u00e1ver de la ni\u00f1a Camila.<\/p>\n\n\n\n<p>Seg\u00fan las primeras versiones, el taxista confes\u00f3 ante las autoridades en qu\u00e9 lugar fue abandonado el cuerpo de Camila.<\/p>\n\n\n\n<p>Este viernes, el parte del Servicio M\u00e9dico Forense (Semefo) de Iguala, donde se realiz\u00f3 la necropsia de ley, concluy\u00f3 que la ni\u00f1a muri\u00f3 de asfixia por estrangulamiento.<\/p>\n\n\n\n<p>(Informaci\u00f3n de \u201cExpansi\u00f3n Pol\u00edtica\u201d)<\/p>\n","protected":false},"excerpt":{"rendered":"<p>Redacci\u00f3n\/Zona Roja Cdmx. Ciudad de M\u00e9xico, a 30 de marzo de 2024.- Jos\u00e9 \u201cN\u201d, presunto&hellip;<\/p>\n","protected":false},"author":2,"featured_media":66814,"comment_status":"closed","ping_status":"open","sticky":false,"template":"","format":"standard","meta":{"_lmt_disableupdate":"","_lmt_disable":"","_jetpack_memberships_contains_paid_content":false,"footnotes":""},"categories":[109,47],"tags":[3888],"class_list":["post-66813","post","type-post","status-publish","format-standard","has-post-thumbnail","hentry","category-minuto-a-minuto","category-zona-gris","tag-camila-taxco"],"jetpack_featured_media_url":"https:\/\/zonaroja.com.mx\/wp-content\/uploads\/2024\/03\/Detenido-asesinato-Camila-Taxco.webp","jetpack_sharing_enabled":true,"_links":{"self":[{"href":"https:\/\/zonaroja.com.mx\/index.php?rest_route=\/wp\/v2\/posts\/66813","targetHints":{"allow":["GET"]}}],"collection":[{"href":"https:\/\/zonaroja.com.mx\/index.php?rest_route=\/wp\/v2\/posts"}],"about":[{"href":"https:\/\/zonaroja.com.mx\/index.php?rest_route=\/wp\/v2\/types\/post"}],"author":[{"embeddable":true,"href":"https:\/\/zonaroja.com.mx\/index.php?rest_route=\/wp\/v2\/users\/2"}],"replies":[{"embeddable":true,"href":"https:\/\/zonaroja.com.mx\/index.php?rest_route=%2Fwp%2Fv2%2Fcomments&post=66813"}],"version-history":[{"count":1,"href":"https:\/\/zonaroja.com.mx\/index.php?rest_route=\/wp\/v2\/posts\/66813\/revisions"}],"predecessor-version":[{"id":66815,"href":"https:\/\/zonaroja.com.mx\/index.php?rest_route=\/wp\/v2\/posts\/66813\/revisions\/66815"}],"wp:featuredmedia":[{"embeddable":true,"href":"https:\/\/zonaroja.com.mx\/index.php?rest_route=\/wp\/v2\/media\/66814"}],"wp:attachment":[{"href":"https:\/\/zonaroja.com.mx\/index.php?rest_route=%2Fwp%2Fv2%2Fmedia&parent=66813"}],"wp:term":[{"taxonomy":"category","embeddable":true,"href":"https:\/\/zonaroja.com.mx\/index.php?rest_route=%2Fwp%2Fv2%2Fcategories&post=66813"},{"taxonomy":"post_tag","embeddable":true,"href":"https:\/\/zonaroja.com.mx\/index.php?rest_route=%2Fwp%2Fv2%2Ftags&post=66813"}],"curies":[{"name":"wp","href":"https:\/\/api.w.org\/{rel}","templated":true}]}}