{"id":66821,"date":"2024-03-30T12:30:00","date_gmt":"2024-03-30T18:30:00","guid":{"rendered":"http:\/\/www.zonaroja.com.mx\/?p=66821"},"modified":"2024-03-30T07:31:39","modified_gmt":"2024-03-30T13:31:39","slug":"desde-1979-olas-de-calor-mas-largas-y-calidas-en-el-mundo","status":"publish","type":"post","link":"https:\/\/zonaroja.com.mx\/?p=66821","title":{"rendered":"Desde 1979, olas de calor m\u00e1s largas y c\u00e1lidas en el mundo"},"content":{"rendered":"\n<p>Redacci\u00f3n\/Zona Roja Cdmx.<\/p>\n\n\n\n<p>Ciudad de M\u00e9xico, a 30 de marzo de 2024.- El cambio clim\u00e1tico hace que las grandes olas de calor sean m\u00e1s prolongadas en todo el mundo y afecten a m\u00e1s personas durante m\u00e1s tiempo con mayores temperaturas en \u00e1reas m\u00e1s grandes, seg\u00fan un nuevo estudio.<\/p>\n\n\n\n<p>Desde 1979, las olas de calor en el mundo son 20 por ciento m\u00e1s lentas, lo que significa que m\u00e1s personas padecen calor durante m\u00e1s tiempo, y se presentan 67 por ciento m\u00e1s frecuentemente, de acuerdo con un estudio publicado el viernes en Science Advances. El estudio encontr\u00f3 que las temperaturas m\u00e1s altas de las olas de calor son mayores que hace 40 a\u00f1os y que el \u00e1rea bajo un domo de calor es m\u00e1s grande.<\/p>\n\n\n\n<p>En estudios anteriores se ha mostrado que las olas de calor son cada vez peores, pero este es m\u00e1s amplio y se concentra no s\u00f3lo en la temperatura y el \u00e1rea, sino en la duraci\u00f3n de las olas de calor y la forma en que viajan por los continentes, dijeron los climat\u00f3logos y coautores del estudio Wei Zhang de la Universidad Estatal de Utah y Gabriel Lau de la Universidad de Princeton.<\/p>\n\n\n\n<p>De 1979 a 1983, las olas de calor en el mundo duraban ocho d\u00edas en promedio, pero de 2016 a 2020, la cifra aument\u00f3 a 12 d\u00edas, revel\u00f3 el estudio.<\/p>\n\n\n\n<p>Eurasia ha sido la zona m\u00e1s afectada, con olas de calor m\u00e1s duraderas, se\u00f1al\u00f3 el estudio. Las olas de calor se ralentizaron principalmente en \u00c1frica, mientras que Am\u00e9rica del Norte y Australia mostraron los mayores incrementos en su magnitud global, que mide la temperatura y el \u00e1rea, seg\u00fan el estudio.<\/p>\n\n\n\n<p>\u201cEste art\u00edculo es una clara advertencia de que el cambio clim\u00e1tico hace que las olas de calor sean a\u00fan m\u00e1s peligrosas de distintas formas\u201d, dijo Michael Wehner, climat\u00f3logo del Laboratorio Nacional Lawrence Berkeley, que no particip\u00f3 en la investigaci\u00f3n.<\/p>\n\n\n\n<p>Los investigadores realizaron simulaciones computarizadas que muestran que este cambio se debe a emisiones que atrapan el calor, provenientes de la quema de carb\u00f3n, petr\u00f3leo y gas natural. En el estudio se encontr\u00f3 la huella del cambio clim\u00e1tico al simular un mundo sin emisiones de gases de efecto invernadero, y se lleg\u00f3 a la conclusi\u00f3n de que \u00e9ste no producir\u00eda las olas de calor cada vez peores que se han observado en los \u00faltimos 45 a\u00f1os.<\/p>\n\n\n\n<p>En el estudio tambi\u00e9n se analizan los cambios en los patrones meteorol\u00f3gicos que propagan las olas de calor. Las olas atmosf\u00e9ricas que desplazan los sistemas meteorol\u00f3gicos, como la corriente de chorro, se debilitan, por lo que no desplazan las olas de calor tan r\u00e1pidamente, de oeste a este en la mayor\u00eda de los continentes, pero no en todos, dijo Zhang.<\/p>\n\n\n\n<p>Varios cient\u00edficos externos elogiaron la forma panor\u00e1mica en que Zhang y sus colegas examinaron las olas de calor, mostrando la interacci\u00f3n con los patrones meteorol\u00f3gicos y con el movimiento global, y especialmente, la forma en que se ralentizan.<\/p>\n\n\n\n<p>(Informaci\u00f3n de la agencia AP en \u201cLa Jornada\u201d)<\/p>\n","protected":false},"excerpt":{"rendered":"<p>Redacci\u00f3n\/Zona Roja Cdmx. Ciudad de M\u00e9xico, a 30 de marzo de 2024.- El cambio clim\u00e1tico&hellip;<\/p>\n","protected":false},"author":2,"featured_media":56645,"comment_status":"closed","ping_status":"open","sticky":false,"template":"","format":"standard","meta":{"_lmt_disableupdate":"","_lmt_disable":"","_jetpack_memberships_contains_paid_content":false,"footnotes":""},"categories":[109,47],"tags":[3583],"class_list":["post-66821","post","type-post","status-publish","format-standard","has-post-thumbnail","hentry","category-minuto-a-minuto","category-zona-gris","tag-ola-de-calor"],"jetpack_featured_media_url":"https:\/\/zonaroja.com.mx\/wp-content\/uploads\/2023\/06\/Ola-de-calor-1.jpeg","jetpack_sharing_enabled":true,"_links":{"self":[{"href":"https:\/\/zonaroja.com.mx\/index.php?rest_route=\/wp\/v2\/posts\/66821","targetHints":{"allow":["GET"]}}],"collection":[{"href":"https:\/\/zonaroja.com.mx\/index.php?rest_route=\/wp\/v2\/posts"}],"about":[{"href":"https:\/\/zonaroja.com.mx\/index.php?rest_route=\/wp\/v2\/types\/post"}],"author":[{"embeddable":true,"href":"https:\/\/zonaroja.com.mx\/index.php?rest_route=\/wp\/v2\/users\/2"}],"replies":[{"embeddable":true,"href":"https:\/\/zonaroja.com.mx\/index.php?rest_route=%2Fwp%2Fv2%2Fcomments&post=66821"}],"version-history":[{"count":1,"href":"https:\/\/zonaroja.com.mx\/index.php?rest_route=\/wp\/v2\/posts\/66821\/revisions"}],"predecessor-version":[{"id":66822,"href":"https:\/\/zonaroja.com.mx\/index.php?rest_route=\/wp\/v2\/posts\/66821\/revisions\/66822"}],"wp:featuredmedia":[{"embeddable":true,"href":"https:\/\/zonaroja.com.mx\/index.php?rest_route=\/wp\/v2\/media\/56645"}],"wp:attachment":[{"href":"https:\/\/zonaroja.com.mx\/index.php?rest_route=%2Fwp%2Fv2%2Fmedia&parent=66821"}],"wp:term":[{"taxonomy":"category","embeddable":true,"href":"https:\/\/zonaroja.com.mx\/index.php?rest_route=%2Fwp%2Fv2%2Fcategories&post=66821"},{"taxonomy":"post_tag","embeddable":true,"href":"https:\/\/zonaroja.com.mx\/index.php?rest_route=%2Fwp%2Fv2%2Ftags&post=66821"}],"curies":[{"name":"wp","href":"https:\/\/api.w.org\/{rel}","templated":true}]}}