{"id":66832,"date":"2024-03-30T15:17:08","date_gmt":"2024-03-30T21:17:08","guid":{"rendered":"http:\/\/www.zonaroja.com.mx\/?p=66832"},"modified":"2024-03-30T15:17:09","modified_gmt":"2024-03-30T21:17:09","slug":"de-china-las-siete-mujeres-y-un-varon-migrantes-que-murieron-en-oaxaca","status":"publish","type":"post","link":"https:\/\/zonaroja.com.mx\/?p=66832","title":{"rendered":"De China, las siete mujeres y un var\u00f3n migrantes que murieron en Oaxaca&nbsp;"},"content":{"rendered":"\n<p>Redacci\u00f3n\/Zona Roja.&nbsp;<\/p>\n\n\n\n<p>Oaxaca de Ju\u00e1rez, Oax., a 30 de marzo de 2024.-&nbsp;La Fiscal\u00eda General del Estado de Oaxaca (FGEO) avanza en las investigaciones en torno al accidente que ocurri\u00f3 frente a las costas del Istmo de Tehuantepec, en el que fallecieron ocho personas en situaci\u00f3n de migraci\u00f3n.<\/p>\n\n\n\n<p>Respecto a las v\u00edctimas, la Fiscal\u00eda de Oaxaca, a trav\u00e9s de la Vicefiscal\u00eda Regional del Istmo, estableci\u00f3 que se trata de personas originarias de China, trat\u00e1ndose de siete mujeres y un hombre.<\/p>\n\n\n\n<p>Adem\u00e1s, de acuerdo con la declaraci\u00f3n realizada por el sobreviviente, una persona del sexo masculino originario de China, las v\u00edctimas viajaban a bordo de una embarcaci\u00f3n que era guiada por un hombre originario de M\u00e9xico, la cual sali\u00f3 de Tapachula, en el estado de Chiapas, el jueves 28 de marzo de 2024.<\/p>\n\n\n\n<p>De pronto, la embarcaci\u00f3n se volte\u00f3, por lo que quedaron varados en el mar donde fallecieron&nbsp;las ocho&nbsp;v\u00edctimas, siendo que solo sobrevivi\u00f3 uno de los migrantes, accidente que ocurri\u00f3 el 29 de marzo.<\/p>\n\n\n\n<p>Los cuerpos sin vida de las v\u00edctimas emergieron en el paraje denominado Playa Vicente, perteneciente a San Francisco del Mar, que es una playa de mar abierto, en el Istmo de Tehuantepec.<\/p>\n\n\n\n<p>Las v\u00edctimas a\u00fan no han sido identificadas de manera oficial, por lo que la Fiscal\u00eda de Oaxaca realiza los trabajos interinstitucionales con diferentes instancias federales, adem\u00e1s que se efect\u00faan las labores para trabajar con la embajada de China en M\u00e9xico.<\/p>\n","protected":false},"excerpt":{"rendered":"<p>Redacci\u00f3n\/Zona Roja.&nbsp; Oaxaca de Ju\u00e1rez, Oax., a 30 de marzo de 2024.-&nbsp;La Fiscal\u00eda General del&hellip;<\/p>\n","protected":false},"author":2,"featured_media":66800,"comment_status":"closed","ping_status":"open","sticky":false,"template":"","format":"standard","meta":{"_lmt_disableupdate":"","_lmt_disable":"","_jetpack_memberships_contains_paid_content":false,"footnotes":""},"categories":[109,47],"tags":[],"class_list":["post-66832","post","type-post","status-publish","format-standard","has-post-thumbnail","hentry","category-minuto-a-minuto","category-zona-gris"],"jetpack_featured_media_url":"https:\/\/zonaroja.com.mx\/wp-content\/uploads\/2024\/03\/Migrantes-asiaticos-ahogados-San-Francisco-del-Mar-Oaxaca.jpg","jetpack_sharing_enabled":true,"_links":{"self":[{"href":"https:\/\/zonaroja.com.mx\/index.php?rest_route=\/wp\/v2\/posts\/66832","targetHints":{"allow":["GET"]}}],"collection":[{"href":"https:\/\/zonaroja.com.mx\/index.php?rest_route=\/wp\/v2\/posts"}],"about":[{"href":"https:\/\/zonaroja.com.mx\/index.php?rest_route=\/wp\/v2\/types\/post"}],"author":[{"embeddable":true,"href":"https:\/\/zonaroja.com.mx\/index.php?rest_route=\/wp\/v2\/users\/2"}],"replies":[{"embeddable":true,"href":"https:\/\/zonaroja.com.mx\/index.php?rest_route=%2Fwp%2Fv2%2Fcomments&post=66832"}],"version-history":[{"count":1,"href":"https:\/\/zonaroja.com.mx\/index.php?rest_route=\/wp\/v2\/posts\/66832\/revisions"}],"predecessor-version":[{"id":66833,"href":"https:\/\/zonaroja.com.mx\/index.php?rest_route=\/wp\/v2\/posts\/66832\/revisions\/66833"}],"wp:featuredmedia":[{"embeddable":true,"href":"https:\/\/zonaroja.com.mx\/index.php?rest_route=\/wp\/v2\/media\/66800"}],"wp:attachment":[{"href":"https:\/\/zonaroja.com.mx\/index.php?rest_route=%2Fwp%2Fv2%2Fmedia&parent=66832"}],"wp:term":[{"taxonomy":"category","embeddable":true,"href":"https:\/\/zonaroja.com.mx\/index.php?rest_route=%2Fwp%2Fv2%2Fcategories&post=66832"},{"taxonomy":"post_tag","embeddable":true,"href":"https:\/\/zonaroja.com.mx\/index.php?rest_route=%2Fwp%2Fv2%2Ftags&post=66832"}],"curies":[{"name":"wp","href":"https:\/\/api.w.org\/{rel}","templated":true}]}}