{"id":66837,"date":"2024-03-31T07:50:00","date_gmt":"2024-03-31T13:50:00","guid":{"rendered":"http:\/\/www.zonaroja.com.mx\/?p=66837"},"modified":"2024-03-31T06:37:41","modified_gmt":"2024-03-31T12:37:41","slug":"detienen-a-otros-dos-por-feminicidio-de-camila-en-taxco","status":"publish","type":"post","link":"https:\/\/zonaroja.com.mx\/?p=66837","title":{"rendered":"Detienen a otros dos por feminicidio de Camila en Taxco"},"content":{"rendered":"\n<p>Redacci\u00f3n\/Zona Roja Cdmx.<\/p>\n\n\n\n<p>Ciudad de M\u00e9xico, a 31 de marzo de 2024.- La Fiscal\u00eda General de Justicia (FGJ) de Guerrero cumpliment\u00f3 dos nuevas \u00f3rdenes de aprehensi\u00f3n por el feminicidio infantil de Camila, la ni\u00f1a de 8 a\u00f1os a quien presuntamente secuestro y asesin\u00f3 su propia vecina en Taxco, Guerrero.<\/p>\n\n\n\n<p>En un comunicado de prensa, la Fiscal\u00eda inform\u00f3 que se cumplimentaron las \u00f3rdenes de aprehensi\u00f3n en contra de Axel \u201cN\u201d y de otra persona cuya identidad se reserv\u00f3 por tratarse de un menor de edad; ambos -aclara el documento oficial- estar\u00edan involucrados en los hechos ocurridos el pasado 28 de marzo en Taxco de Alarc\u00f3n.<\/p>\n\n\n\n<p>Ambos \u00f3rdenes de aprehensi\u00f3n habr\u00edan sido giradas por el agente del Ministerio P\u00fablico como parte de las investigaciones que se derivaron del secuestro y feminicidio infantil de Camila G\u00f3mez.<\/p>\n\n\n\n<p>\u201cA los imputados les fueron le\u00eddos sus derechos para despu\u00e9s ser puestos a disposici\u00f3n del Juez de Control y Enjuiciamiento Penal del Estado\u201d, indic\u00f3 la FGJ.<\/p>\n\n\n\n<p>Se sabe que ambos detenidos estaban bajo vigilancia de las autoridades en el Hospital General de Iguala, esto luego de que estuvieron a punto de ser linchados por los vecinos de Taxco por su presunta responsabilidad en el caso de Camila; trascendi\u00f3 que uno de ellos sufri\u00f3 una fractura en el cr\u00e1neo, mientras que el otro ser\u00eda operado por una doble fractura en el brazo.<\/p>\n\n\n\n<p>Ana Rosa, la presunta feminicida infantil, ten\u00eda cuatro hijos (dos hombres y dos mujeres): de ellos los dos hombres tambi\u00e9n iban a ser linchados por los pobladores pero fueron rescatados por los polic\u00edas, no sin antes haber recibido severas golpizas, sus nombres eran Axel Alejandro \u201cN\u201d, de 21 a\u00f1os, y Alfredo, aparentemente de 17 a\u00f1os.<\/p>\n\n\n\n<p>Respecto a sus hijas, s\u00f3lo se sabe que la menor tiene 10 a\u00f1os y que la habr\u00eda utilizado para enga\u00f1ar a Camila y a su madre para que la dejara ir a jugar; hasta el momento el paradero de la menor es desconocido e Infobae M\u00e9xico confirm\u00f3 que no est\u00e1 bajo resguardo de la Fiscal\u00eda.<\/p>\n\n\n\n<p>El tercer detenido por el feminicidio infantil de Camila es Jos\u00e9 \u201cN\u201d, presunta pareja sentimental de Ana Rosa y quien fue detenido el pasado 28 de marzo luego de aparecer junto a la mujer linchada subiendo unas bolsas de pl\u00e1stico a un taxi, presumiblemente ah\u00ed se encontraba el cuerpo de la ni\u00f1a.,<\/p>\n\n\n\n<p>Ya bajo resguardo de las autoridades, Jos\u00e9 \u201cN\u201d confes\u00f3 el lugar donde estaba el cuerpo de Camila, por lo que se le dict\u00f3 auto de vinculaci\u00f3n a proceso y se le impuso la prisi\u00f3n preventiva justificada como medida cautelar.<\/p>\n\n\n\n<p>(Informaci\u00f3n de Infobae M\u00e9xico)<\/p>\n","protected":false},"excerpt":{"rendered":"<p>Redacci\u00f3n\/Zona Roja Cdmx. Ciudad de M\u00e9xico, a 31 de marzo de 2024.- La Fiscal\u00eda General&hellip;<\/p>\n","protected":false},"author":2,"featured_media":66838,"comment_status":"closed","ping_status":"open","sticky":false,"template":"","format":"standard","meta":{"_lmt_disableupdate":"","_lmt_disable":"","_jetpack_memberships_contains_paid_content":false,"footnotes":""},"categories":[109,47],"tags":[3888],"class_list":["post-66837","post","type-post","status-publish","format-standard","has-post-thumbnail","hentry","category-minuto-a-minuto","category-zona-gris","tag-camila-taxco"],"jetpack_featured_media_url":"https:\/\/zonaroja.com.mx\/wp-content\/uploads\/2024\/03\/Camila-Taxco-Guerrero.tiff","jetpack_sharing_enabled":true,"_links":{"self":[{"href":"https:\/\/zonaroja.com.mx\/index.php?rest_route=\/wp\/v2\/posts\/66837","targetHints":{"allow":["GET"]}}],"collection":[{"href":"https:\/\/zonaroja.com.mx\/index.php?rest_route=\/wp\/v2\/posts"}],"about":[{"href":"https:\/\/zonaroja.com.mx\/index.php?rest_route=\/wp\/v2\/types\/post"}],"author":[{"embeddable":true,"href":"https:\/\/zonaroja.com.mx\/index.php?rest_route=\/wp\/v2\/users\/2"}],"replies":[{"embeddable":true,"href":"https:\/\/zonaroja.com.mx\/index.php?rest_route=%2Fwp%2Fv2%2Fcomments&post=66837"}],"version-history":[{"count":1,"href":"https:\/\/zonaroja.com.mx\/index.php?rest_route=\/wp\/v2\/posts\/66837\/revisions"}],"predecessor-version":[{"id":66839,"href":"https:\/\/zonaroja.com.mx\/index.php?rest_route=\/wp\/v2\/posts\/66837\/revisions\/66839"}],"wp:featuredmedia":[{"embeddable":true,"href":"https:\/\/zonaroja.com.mx\/index.php?rest_route=\/wp\/v2\/media\/66838"}],"wp:attachment":[{"href":"https:\/\/zonaroja.com.mx\/index.php?rest_route=%2Fwp%2Fv2%2Fmedia&parent=66837"}],"wp:term":[{"taxonomy":"category","embeddable":true,"href":"https:\/\/zonaroja.com.mx\/index.php?rest_route=%2Fwp%2Fv2%2Fcategories&post=66837"},{"taxonomy":"post_tag","embeddable":true,"href":"https:\/\/zonaroja.com.mx\/index.php?rest_route=%2Fwp%2Fv2%2Ftags&post=66837"}],"curies":[{"name":"wp","href":"https:\/\/api.w.org\/{rel}","templated":true}]}}