{"id":66843,"date":"2024-03-31T10:00:00","date_gmt":"2024-03-31T16:00:00","guid":{"rendered":"http:\/\/www.zonaroja.com.mx\/?p=66843"},"modified":"2024-03-31T07:07:11","modified_gmt":"2024-03-31T13:07:11","slug":"sin-leobardo-ni-jacobo-regresan-familiares-y-activistas-tras-busqueda-en-sonora","status":"publish","type":"post","link":"https:\/\/zonaroja.com.mx\/?p=66843","title":{"rendered":"Sin Leobardo ni Jacobo, regresan familiares y activistas tras b\u00fasqueda en Sonora"},"content":{"rendered":"\n<p>Yuridiana Sosa\/Zona Roja.<\/p>\n\n\n\n<p>Oaxaca de Ju\u00e1rez, Oax., 31 de marzo de 2024.- Al no existir las condiciones de seguridad para la b\u00fasqueda de Jacobo L\u00f3pez Garc\u00eda y Leobardo L\u00f3pez Moreno, ind\u00edgenas mixes desaparecidos desde el pasado 7 de marzo en Caborca, activistas y familia detienen por ahora su b\u00fasqueda en ese estado y regresan a Oaxaca.<\/p>\n\n\n\n<p>El activista Joaqu\u00edn Galv\u00e1n Jos\u00e9 y el padre de los desaparecidos realizaron este s\u00e1bado el \u00faltimo d\u00eda de labores de campo desde Hermosillo, luego de su llegada a esa entidad el pasado 26 de marzo, y de realizar algunos trabajos de investigaci\u00f3n en Caborca.<\/p>\n\n\n\n<p>\u201cAvanzamos aunque sea con ampliar las l\u00edneas de investigaci\u00f3n, lamentablemente no dimos con el paradero, hasta este momento, de Leobardo y Jacobo\u201d, indic\u00f3 Joaqu\u00edn Galv\u00e1n.<\/p>\n\n\n\n<p>Afortunadamente, dijo, obtuvieron algunos datos importantes para establecer las l\u00edneas de investigaci\u00f3n que se necesitan, en tanto que por ahora dejan en manos de la Fiscal\u00eda de Sonora el resto de los trabajos y de una investigaci\u00f3n m\u00e1s minuciosa.<\/p>\n\n\n\n<p>Agreg\u00f3 que lamentablemente, por condiciones de inseguridad no pudieron ingresar a la zona de la desaparici\u00f3n, a la que ten\u00edan planeado asistir el pasado 28 de marzo.<\/p>\n\n\n\n<p>\u201cSolicitamos a la Fiscal\u00eda ingresar, pero por motivos de seguridad nos dijeron que hay un tema delicado ah\u00ed, un tema de seguridad, y lo van a programar para que participe Sedena y los necesarios para reforzar el operativo\u201d, agreg\u00f3.<\/p>\n\n\n\n<p>Tanto la familia como los defensores de derechos y activistas, como tambi\u00e9n son los integrantes de la Comisi\u00f3n de B\u00fasqueda de Personas de Sonora, van a solicitar poder acceder a la zona una vez que se programe la fecha para su intervenci\u00f3n.<\/p>\n\n\n\n<p>Pese a ello, la familia de las v\u00edctimas desaparecidas, originarias de Santo Domingo Tepustepec Mixe, consider\u00f3 que la cansada jornada fue enriquecedora.<\/p>\n\n\n\n<p>Joaqu\u00edn Galv\u00e1n inform\u00f3 el pasado 28 de marzo que iban camino al poblado de la Y, en Caborca, donde se registr\u00f3 presuntamente la desaparici\u00f3n.<\/p>\n\n\n\n<p>Durante su trayecto contaron con un fuerte dispositivo de seguridad en el que particip\u00f3 la Guardia Nacional y un cami\u00f3n blindado, as\u00ed como del acompa\u00f1amiento de la Polic\u00eda Estatal.<\/p>\n\n\n\n<p>\u201cEstamos bien, estamos cuidados en todo momento por las fuerzas y vamos a tratar de trabajar lo m\u00e1s posible en encontrar indicios\u201d, apunt\u00f3.&nbsp;<\/p>\n","protected":false},"excerpt":{"rendered":"<p>Yuridiana Sosa\/Zona Roja. Oaxaca de Ju\u00e1rez, Oax., 31 de marzo de 2024.- Al no existir&hellip;<\/p>\n","protected":false},"author":2,"featured_media":66844,"comment_status":"closed","ping_status":"open","sticky":false,"template":"","format":"standard","meta":{"_lmt_disableupdate":"","_lmt_disable":"","_jetpack_memberships_contains_paid_content":false,"footnotes":""},"categories":[109,47],"tags":[3882,3049],"class_list":["post-66843","post","type-post","status-publish","format-standard","has-post-thumbnail","hentry","category-minuto-a-minuto","category-zona-gris","tag-leobardo-y-jacobo-lopez","tag-santo-domingo-tepuxtepec"],"jetpack_featured_media_url":"https:\/\/zonaroja.com.mx\/wp-content\/uploads\/2024\/03\/Busqueda-Sonora-mixes-Oaxaca.jpeg","jetpack_sharing_enabled":true,"_links":{"self":[{"href":"https:\/\/zonaroja.com.mx\/index.php?rest_route=\/wp\/v2\/posts\/66843","targetHints":{"allow":["GET"]}}],"collection":[{"href":"https:\/\/zonaroja.com.mx\/index.php?rest_route=\/wp\/v2\/posts"}],"about":[{"href":"https:\/\/zonaroja.com.mx\/index.php?rest_route=\/wp\/v2\/types\/post"}],"author":[{"embeddable":true,"href":"https:\/\/zonaroja.com.mx\/index.php?rest_route=\/wp\/v2\/users\/2"}],"replies":[{"embeddable":true,"href":"https:\/\/zonaroja.com.mx\/index.php?rest_route=%2Fwp%2Fv2%2Fcomments&post=66843"}],"version-history":[{"count":1,"href":"https:\/\/zonaroja.com.mx\/index.php?rest_route=\/wp\/v2\/posts\/66843\/revisions"}],"predecessor-version":[{"id":66845,"href":"https:\/\/zonaroja.com.mx\/index.php?rest_route=\/wp\/v2\/posts\/66843\/revisions\/66845"}],"wp:featuredmedia":[{"embeddable":true,"href":"https:\/\/zonaroja.com.mx\/index.php?rest_route=\/wp\/v2\/media\/66844"}],"wp:attachment":[{"href":"https:\/\/zonaroja.com.mx\/index.php?rest_route=%2Fwp%2Fv2%2Fmedia&parent=66843"}],"wp:term":[{"taxonomy":"category","embeddable":true,"href":"https:\/\/zonaroja.com.mx\/index.php?rest_route=%2Fwp%2Fv2%2Fcategories&post=66843"},{"taxonomy":"post_tag","embeddable":true,"href":"https:\/\/zonaroja.com.mx\/index.php?rest_route=%2Fwp%2Fv2%2Ftags&post=66843"}],"curies":[{"name":"wp","href":"https:\/\/api.w.org\/{rel}","templated":true}]}}