{"id":66846,"date":"2024-03-31T11:00:00","date_gmt":"2024-03-31T17:00:00","guid":{"rendered":"http:\/\/www.zonaroja.com.mx\/?p=66846"},"modified":"2024-03-31T07:10:58","modified_gmt":"2024-03-31T13:10:58","slug":"asesinan-a-edil-de-morelia-mientras-cenaba-con-su-familia","status":"publish","type":"post","link":"https:\/\/zonaroja.com.mx\/?p=66846","title":{"rendered":"Asesinan a edil de Morelia mientras cenaba con su familia"},"content":{"rendered":"\n<p>Redacci\u00f3n\/Zona Roja. Foto: Tiempo, la Noticia Digital<\/p>\n\n\n\n<p>Ciudad de M\u00e9xico, a 31 de marzo de 2024.- El presidente municipal de Churumuco, Guillermo Torres Rojas, fue ejecutado a balazos en el interior de un restaurante de la ciudad de Morelia, donde cenaba con su familia.<\/p>\n\n\n\n<p>Torres Rojas gan\u00f3 en 2021 la alcald\u00eda de Churumuco, abanderado por el Partido Revolucionario Institucional (PRI), pero renunci\u00f3 a ese instituto pol\u00edtico para sumarse al Movimiento de Regeneraci\u00f3n Nacional (Morena).<\/p>\n\n\n\n<p>El presidente municipal fue baleado alrededor de las 22:10 horas de ayer, por al menos dos hombres que irrumpieron en el restaurante \u201cEl Infierno\u201d, ubicado en el n\u00famero 1300 de la avenida Madero Poniente, en la colonia Molino de Parras.<\/p>\n\n\n\n<p>El presidente municipal recibi\u00f3 cuatro impactos de bala en el pecho, mientras que su hijo de 13 a\u00f1os sufri\u00f3 una herida en una de sus manos. Los sicarios huyeron en una motocicleta.<\/p>\n\n\n\n<p>Param\u00e9dicos trasladaron a los lesionados al \u00e1rea de urgencias del Hospital Star M\u00e9dica, donde Torres Rojas perdi\u00f3 la vida cuando recib\u00eda las primeras atenciones.<\/p>\n\n\n\n<p>Este crimen se suma a los ocurridos el 26 de febrero, cuando fueron asesinados Miguel \u00c1ngel Zavala Reyes y Armando P\u00e9rez Luna, aspirantes de Morena y del Partido Acci\u00f3n Nacional (PAN) a la alcald\u00eda de Maravat\u00edo.<\/p>\n\n\n\n<p>(Informaci\u00f3n de \u201cLa Jornada\u201d)<\/p>\n","protected":false},"excerpt":{"rendered":"<p>Redacci\u00f3n\/Zona Roja. Foto: Tiempo, la Noticia Digital Ciudad de M\u00e9xico, a 31 de marzo de&hellip;<\/p>\n","protected":false},"author":2,"featured_media":66847,"comment_status":"closed","ping_status":"open","sticky":false,"template":"","format":"standard","meta":{"_lmt_disableupdate":"","_lmt_disable":"","_jetpack_memberships_contains_paid_content":false,"footnotes":""},"categories":[109,47],"tags":[3891],"class_list":["post-66846","post","type-post","status-publish","format-standard","has-post-thumbnail","hentry","category-minuto-a-minuto","category-zona-gris","tag-guillermo-torres-rojas"],"jetpack_featured_media_url":"https:\/\/zonaroja.com.mx\/wp-content\/uploads\/2024\/03\/Guillermo-Torres-Michoacan.jpg","jetpack_sharing_enabled":true,"_links":{"self":[{"href":"https:\/\/zonaroja.com.mx\/index.php?rest_route=\/wp\/v2\/posts\/66846","targetHints":{"allow":["GET"]}}],"collection":[{"href":"https:\/\/zonaroja.com.mx\/index.php?rest_route=\/wp\/v2\/posts"}],"about":[{"href":"https:\/\/zonaroja.com.mx\/index.php?rest_route=\/wp\/v2\/types\/post"}],"author":[{"embeddable":true,"href":"https:\/\/zonaroja.com.mx\/index.php?rest_route=\/wp\/v2\/users\/2"}],"replies":[{"embeddable":true,"href":"https:\/\/zonaroja.com.mx\/index.php?rest_route=%2Fwp%2Fv2%2Fcomments&post=66846"}],"version-history":[{"count":1,"href":"https:\/\/zonaroja.com.mx\/index.php?rest_route=\/wp\/v2\/posts\/66846\/revisions"}],"predecessor-version":[{"id":66848,"href":"https:\/\/zonaroja.com.mx\/index.php?rest_route=\/wp\/v2\/posts\/66846\/revisions\/66848"}],"wp:featuredmedia":[{"embeddable":true,"href":"https:\/\/zonaroja.com.mx\/index.php?rest_route=\/wp\/v2\/media\/66847"}],"wp:attachment":[{"href":"https:\/\/zonaroja.com.mx\/index.php?rest_route=%2Fwp%2Fv2%2Fmedia&parent=66846"}],"wp:term":[{"taxonomy":"category","embeddable":true,"href":"https:\/\/zonaroja.com.mx\/index.php?rest_route=%2Fwp%2Fv2%2Fcategories&post=66846"},{"taxonomy":"post_tag","embeddable":true,"href":"https:\/\/zonaroja.com.mx\/index.php?rest_route=%2Fwp%2Fv2%2Ftags&post=66846"}],"curies":[{"name":"wp","href":"https:\/\/api.w.org\/{rel}","templated":true}]}}