{"id":6685,"date":"2019-12-15T07:56:29","date_gmt":"2019-12-15T13:56:29","guid":{"rendered":"http:\/\/www.zonaroja.com.mx\/?p=6685"},"modified":"2019-12-15T08:34:30","modified_gmt":"2019-12-15T14:34:30","slug":"vera-carrizal-agredio-a-mi-hermana-porque-termino-noviazgo-por-agresiones","status":"publish","type":"post","link":"https:\/\/zonaroja.com.mx\/?p=6685","title":{"rendered":"Vera Carrizal \u201cagredi\u00f3 a mi hermana porque termin\u00f3 noviazgo por agresiones\u201d"},"content":{"rendered":"\n<p>Redacci\u00f3n\/Zona Roja Cdmx.<\/p>\n\n\n\n<p>Ciudad de M\u00e9xico, 15 de diciembre de\n2019.- \u201cSu nombre es Juan Antonio Vera Carrizal, \u00e9l es un ex diputado,\ngasolinero y empresario\u201d. <\/p>\n\n\n\n<p>As\u00ed lo revel\u00f3 Silvia R\u00edos Ortiz, hermana\nde Mar\u00eda Elena, a un programa de radio de Fernanda Familiar, e incluso hizo m\u00e1s\nse\u00f1alamientos precisos:<\/p>\n\n\n\n<p>\u201c\u00c9l agrede a mi\nhermana porque se inici\u00f3 una relaci\u00f3n laboral; segundo porque se inici\u00f3 una\nrelaci\u00f3n de noviazgo, pero que termin\u00f3 por las agresiones y machismo del se\u00f1or.\n<\/p>\n\n\n\n<p>\u201cLa hostigaba,\nle dec\u00eda que de m\u00fasico y de muerta de hambre no iba a salir; que regresara con\nella y que la iba a tratar como princesa porque los m\u00fasicos aparte de\ndrogadictos y borrachos no tienen en qu\u00e9 caerse muertos y que por ese camino\niba. Que era una tonta y una est\u00fapida\u00bb, narr\u00f3 R\u00edos Ortiz durante el programa.<\/p>\n\n\n\n<p>En la entrevista, Silvia dijo adem\u00e1s que\nd\u00edas despu\u00e9s del ataque a su hermana (9 de septiembre de 2019), el sujeto fue\ninvitado especial en Palacio Nacional durante el Grito de Independencia del\npasado 15 de septiembre, sin ser un funcionario p\u00fablico.<\/p>\n\n\n\n<p>Denunci\u00f3 tambi\u00e9n en el programa \u201cQu\u00e9 tal Fernanda\u201d, conducido por su Fernanda Familiar, que su hermana Mar\u00eda Elena R\u00edos Ortiz, quien fue rociada con \u00e1cido hace m\u00e1s de tres meses, ha recibido amenazas de muerte despu\u00e9s de denunciar al empresario y ex diputado Juan Antonio Vera Carrizal como autor del ataque.<\/p>\n\n\n\n<figure class=\"wp-block-image\"><img decoding=\"async\" width=\"1024\" height=\"717\" src=\"http:\/\/www.zonaroja.com.mx\/wp-content\/uploads\/2019\/12\/Vera-Carril-y-PVEM-1024x717.jpg\" alt=\"\" class=\"wp-image-6687\" srcset=\"https:\/\/zonaroja.com.mx\/wp-content\/uploads\/2019\/12\/Vera-Carril-y-PVEM-1024x717.jpg 1024w, https:\/\/zonaroja.com.mx\/wp-content\/uploads\/2019\/12\/Vera-Carril-y-PVEM-300x210.jpg 300w, https:\/\/zonaroja.com.mx\/wp-content\/uploads\/2019\/12\/Vera-Carril-y-PVEM-768x538.jpg 768w, https:\/\/zonaroja.com.mx\/wp-content\/uploads\/2019\/12\/Vera-Carril-y-PVEM-585x410.jpg 585w, https:\/\/zonaroja.com.mx\/wp-content\/uploads\/2019\/12\/Vera-Carril-y-PVEM.jpg 1124w\" sizes=\"(max-width: 1024px) 100vw, 1024px\" \/><\/figure>\n\n\n\n<p>Por otro lado,\nla hermana de la joven tambi\u00e9n asegur\u00f3 que durante una visita del presidente\nAndr\u00e9s Manuel L\u00f3pez Obrador a la Mixteca, ella logr\u00f3 acercarse \u00e9l y darle su\npetici\u00f3n. \u00abBusc\u00f3 a un personal de \u00e9l, entre ellos la delegada de la Secretar\u00eda\nde Bienestar Social de Oaxaca y le encarg\u00f3 que viera mi asunto\u00bb, cont\u00f3 Silvia.<\/p>\n\n\n\n<p>La funcionaria,\nNancy Ortiz Cabrera, le solicit\u00f3 que enviara toda la informaci\u00f3n que pudiera\nsobre el caso, pero despu\u00e9s de varios d\u00edas dej\u00f3 de contestar sus mensajes y\nhasta la bloque\u00f3.<\/p>\n\n\n\n<p>\u00abTruncaron sus\nsue\u00f1os\u00bb<\/p>\n\n\n\n<p>Tres meses\ndespu\u00e9s del ataque, Mar\u00eda Elena sigue someti\u00e9ndose a intervenciones quir\u00fargicas\npor las heridas causadas y el viernes fue trasladada a la Ciudad de M\u00e9xico. Su\nhermana asegura que se encuentra muy mal, tanto f\u00edsica como emocionalmente.<\/p>\n\n\n\n<figure class=\"wp-block-embed-youtube wp-block-embed is-type-video is-provider-youtube wp-embed-aspect-16-9 wp-has-aspect-ratio\"><div class=\"wp-block-embed__wrapper\">\n<iframe title=\"&quot;Dice que truncaron su sue\u00f1o, que no sabe para qu\u00e9 vive&quot;: hermana de saxofonista atacada con \u00e1cido\" width=\"1170\" height=\"658\" src=\"https:\/\/www.youtube.com\/embed\/M-GWBCHQFKw?feature=oembed\" frameborder=\"0\" allow=\"accelerometer; autoplay; encrypted-media; gyroscope; picture-in-picture\" allowfullscreen><\/iframe>  \n<\/div><\/figure>\n\n\n\n<p>\u00abEs la segunda\nintervenci\u00f3n quir\u00fargica que tiene y se le cayeron nuevamente los injertos de\nsus brazos. Ella necesita una reconstrucci\u00f3n de p\u00e1rpados, nariz, boca, cuello,\nbrazos, pecho, piernas. <\/p>\n\n\n\n<p>\u201cMal porque ya es la segunda vez que le injertan piel de su misma piel y cada vez las piernas est\u00e1n m\u00e1s da\u00f1adas y ni siquiera saben de d\u00f3nde quitarle m\u00e1s piel. Mal porque en este caso cay\u00f3 en depresi\u00f3n. Llorando me dijo: \u2018s\u00e1came de aqu\u00ed porque no me van a curar\u2019. Ella me dice que le truncaron su sue\u00f1o, porque no sabe para qu\u00e9 vive, porque mejor la hubieran matado a dejarla as\u00ed como ella se encuentra\u00bb, dijo Silvia.<\/p>\n\n\n\n<p>Vera Carrizal fue diputado local por el Partido Verde Ecologista de M\u00e9xico en la 63 Legislatura local; mantiene estrecha relaci\u00f3n con el actual senador de la Rep\u00fablica, Ra\u00fal Bola\u00f1os Cacho Cu\u00e9, y el representante de ese instituto pol\u00edtico en la entidad, Jos\u00e9 Antonio Estefan Gillessen, hijo del pol\u00edtico priista Jos\u00e9 Antonio Estefan Garfias.<\/p>\n\n\n\n<p>(Con informaci\u00f3n de Fernanda Familiar)<\/p>\n","protected":false},"excerpt":{"rendered":"<p>Redacci\u00f3n\/Zona Roja Cdmx. Ciudad de M\u00e9xico, 15 de diciembre de 2019.- \u201cSu nombre es Juan&hellip;<\/p>\n","protected":false},"author":2,"featured_media":6686,"comment_status":"closed","ping_status":"open","sticky":false,"template":"","format":"standard","meta":{"_lmt_disableupdate":"","_lmt_disable":"","_jetpack_memberships_contains_paid_content":false,"footnotes":""},"categories":[109,47],"tags":[1144,1124],"class_list":["post-6685","post","type-post","status-publish","format-standard","has-post-thumbnail","hentry","category-minuto-a-minuto","category-zona-gris","tag-juan-antonio-vera-carrizal","tag-maria-elena-rios-ortiz"],"jetpack_featured_media_url":"https:\/\/zonaroja.com.mx\/wp-content\/uploads\/2019\/12\/Vera-Carrizal-y-Mar\u00eda-Elena.jpg","jetpack_sharing_enabled":true,"_links":{"self":[{"href":"https:\/\/zonaroja.com.mx\/index.php?rest_route=\/wp\/v2\/posts\/6685","targetHints":{"allow":["GET"]}}],"collection":[{"href":"https:\/\/zonaroja.com.mx\/index.php?rest_route=\/wp\/v2\/posts"}],"about":[{"href":"https:\/\/zonaroja.com.mx\/index.php?rest_route=\/wp\/v2\/types\/post"}],"author":[{"embeddable":true,"href":"https:\/\/zonaroja.com.mx\/index.php?rest_route=\/wp\/v2\/users\/2"}],"replies":[{"embeddable":true,"href":"https:\/\/zonaroja.com.mx\/index.php?rest_route=%2Fwp%2Fv2%2Fcomments&post=6685"}],"version-history":[{"count":2,"href":"https:\/\/zonaroja.com.mx\/index.php?rest_route=\/wp\/v2\/posts\/6685\/revisions"}],"predecessor-version":[{"id":6692,"href":"https:\/\/zonaroja.com.mx\/index.php?rest_route=\/wp\/v2\/posts\/6685\/revisions\/6692"}],"wp:featuredmedia":[{"embeddable":true,"href":"https:\/\/zonaroja.com.mx\/index.php?rest_route=\/wp\/v2\/media\/6686"}],"wp:attachment":[{"href":"https:\/\/zonaroja.com.mx\/index.php?rest_route=%2Fwp%2Fv2%2Fmedia&parent=6685"}],"wp:term":[{"taxonomy":"category","embeddable":true,"href":"https:\/\/zonaroja.com.mx\/index.php?rest_route=%2Fwp%2Fv2%2Fcategories&post=6685"},{"taxonomy":"post_tag","embeddable":true,"href":"https:\/\/zonaroja.com.mx\/index.php?rest_route=%2Fwp%2Fv2%2Ftags&post=6685"}],"curies":[{"name":"wp","href":"https:\/\/api.w.org\/{rel}","templated":true}]}}