{"id":66858,"date":"2024-03-31T17:59:58","date_gmt":"2024-03-31T23:59:58","guid":{"rendered":"http:\/\/www.zonaroja.com.mx\/?p=66858"},"modified":"2024-03-31T18:00:00","modified_gmt":"2024-04-01T00:00:00","slug":"lucero-y-su-viacrucis-fue-obligada-a-prostituirse-en-la-central-de-abasto","status":"publish","type":"post","link":"https:\/\/zonaroja.com.mx\/?p=66858","title":{"rendered":"Lucero y su viacrucis: fue obligada a prostituirse en la Central de Abasto"},"content":{"rendered":"\n<p>Raymundo Morales\/Zona Roja.<\/p>\n\n\n\n<p>Oaxaca de Ju\u00e1rez, Oax., a 31 de marzo de 2024.- Lucero fue v\u00edctima de explotaci\u00f3n sexual. La engancharon desde la ciudad de Tuxtla Guti\u00e9rrez, Chiapas, de donde es originaria, y la llevaron a la ciudad de Oaxaca, lugar donde comenz\u00f3 su tr\u00e1gica historia de vida.<\/p>\n\n\n\n<p>La v\u00edctima conoci\u00f3 a Ever \u201cN\u201d, en noviembre de 2016 en su natal Chiapas, sin sospechar que aquel hombre que la llen\u00f3 de halagos para enamorarla, terminar\u00eda siendo su agresor; era tratante y el 22 de diciembre de ese mismo a\u00f1o, la convenci\u00f3 para irse a vivir con \u00e9l a la capital de Oaxaca; se instalaron en una peque\u00f1a habitaci\u00f3n en las Panor\u00e1micas del Fort\u00edn, donde comenz\u00f3 a despertar del enga\u00f1o.<\/p>\n\n\n\n<p>De un d\u00eda para otro, todo cambi\u00f3. Con enga\u00f1os y amenazas, Ever la oblig\u00f3 a sostener relaciones sexuales con desconocidos, a quienes cobraba por sus servicios, dinero que entregaba por completo al sujeto en el que confi\u00f3 pero ahora la ten\u00eda sometida.<\/p>\n\n\n\n<p>Seg\u00fan el relato de la v\u00edctima, Ever le dijo que una persona lo hab\u00eda enviado para matarla, &nbsp;pero que le perdonaba la vida a cambio de que hiciera trabajos sexuales; en caso de que no aceptara, amenaz\u00f3 con matarla a ella y a toda su familia. Lucero estaba sola, se sent\u00eda aterrada, no tuvo opciones y acept\u00f3.<\/p>\n\n\n\n<p>En diciembre de 2016, Ever llev\u00f3 a Lucero a la calle de prolongaci\u00f3n de Galeana, en los alrededores de la Central de Abasto de la capital de Oaxaca, sitio donde varias mujeres ofrecen servicios sexuales y donde nunca faltan los clientes; a partir de ese d\u00eda comenz\u00f3 la amarga historia de la joven que era obligada a trabajar desde las 7:00 de la ma\u00f1ana, jornada que se prolongaba por 12 y hasta 14 horas diariamente, sin d\u00eda de descanso, sin que pudiera falta a pesar de la lluvia, ni siquiera pod\u00eda ausentarse por enfermedad. Lucero se volvi\u00f3 esclava de Ever.<\/p>\n\n\n\n<p>Cansada del maltrato, desesperada por volver con su familia para rehacer su vida, Lucero denunci\u00f3 ante la Fiscal\u00eda de Oaxaca, las investigaciones avanzaron.<\/p>\n\n\n\n<p>Finalmente, en junio de 2020, Ever fue detenido por la Fiscal\u00eda de Oaxaca y Lucero recuper\u00f3 su vida. Desde entonces, la v\u00edctima espero cuatro a\u00f1os, hasta que, en marzo de 2024, Ever fue sentenciarlo a pasar 30 a\u00f1os en prisi\u00f3n, donde pagar\u00e1 por los abusos que cometi\u00f3.<\/p>\n","protected":false},"excerpt":{"rendered":"<p>Raymundo Morales\/Zona Roja. Oaxaca de Ju\u00e1rez, Oax., a 31 de marzo de 2024.- Lucero fue&hellip;<\/p>\n","protected":false},"author":2,"featured_media":43281,"comment_status":"closed","ping_status":"open","sticky":false,"template":"","format":"standard","meta":{"_lmt_disableupdate":"","_lmt_disable":"","_jetpack_memberships_contains_paid_content":false,"footnotes":""},"categories":[109,47],"tags":[],"class_list":["post-66858","post","type-post","status-publish","format-standard","has-post-thumbnail","hentry","category-minuto-a-minuto","category-zona-gris"],"jetpack_featured_media_url":"https:\/\/zonaroja.com.mx\/wp-content\/uploads\/2022\/07\/Prostitucion.jpeg","jetpack_sharing_enabled":true,"_links":{"self":[{"href":"https:\/\/zonaroja.com.mx\/index.php?rest_route=\/wp\/v2\/posts\/66858","targetHints":{"allow":["GET"]}}],"collection":[{"href":"https:\/\/zonaroja.com.mx\/index.php?rest_route=\/wp\/v2\/posts"}],"about":[{"href":"https:\/\/zonaroja.com.mx\/index.php?rest_route=\/wp\/v2\/types\/post"}],"author":[{"embeddable":true,"href":"https:\/\/zonaroja.com.mx\/index.php?rest_route=\/wp\/v2\/users\/2"}],"replies":[{"embeddable":true,"href":"https:\/\/zonaroja.com.mx\/index.php?rest_route=%2Fwp%2Fv2%2Fcomments&post=66858"}],"version-history":[{"count":1,"href":"https:\/\/zonaroja.com.mx\/index.php?rest_route=\/wp\/v2\/posts\/66858\/revisions"}],"predecessor-version":[{"id":66859,"href":"https:\/\/zonaroja.com.mx\/index.php?rest_route=\/wp\/v2\/posts\/66858\/revisions\/66859"}],"wp:featuredmedia":[{"embeddable":true,"href":"https:\/\/zonaroja.com.mx\/index.php?rest_route=\/wp\/v2\/media\/43281"}],"wp:attachment":[{"href":"https:\/\/zonaroja.com.mx\/index.php?rest_route=%2Fwp%2Fv2%2Fmedia&parent=66858"}],"wp:term":[{"taxonomy":"category","embeddable":true,"href":"https:\/\/zonaroja.com.mx\/index.php?rest_route=%2Fwp%2Fv2%2Fcategories&post=66858"},{"taxonomy":"post_tag","embeddable":true,"href":"https:\/\/zonaroja.com.mx\/index.php?rest_route=%2Fwp%2Fv2%2Ftags&post=66858"}],"curies":[{"name":"wp","href":"https:\/\/api.w.org\/{rel}","templated":true}]}}