{"id":66866,"date":"2024-03-31T19:41:19","date_gmt":"2024-04-01T01:41:19","guid":{"rendered":"http:\/\/www.zonaroja.com.mx\/?p=66866"},"modified":"2024-03-31T19:41:22","modified_gmt":"2024-04-01T01:41:22","slug":"aprehenden-a-sujeto-por-violacion-y-violencia-familiar-en-el-istmo","status":"publish","type":"post","link":"https:\/\/zonaroja.com.mx\/?p=66866","title":{"rendered":"Aprehenden a sujeto por violaci\u00f3n y violencia familiar en el Istmo"},"content":{"rendered":"\n<p>Redacci\u00f3n\/Zona Roja.&nbsp;<\/p>\n\n\n\n<p>Oaxaca de Ju\u00e1rez, Oax., a 31 de marzo de 2024.- Como parte de la estrategia de cero tolerancia a delitos contra la mujer por raz\u00f3n de g\u00e9nero, la Fiscal\u00eda General del Estado de Oaxaca (FGEO) ejecut\u00f3 una orden de aprehensi\u00f3n en contra de una persona del sexo masculino identificada como E.V.C., por el delito de violaci\u00f3n y violencia familiar, cometido en la regi\u00f3n del Istmo de Tehuantepec.<\/p>\n\n\n\n<p>De acuerdo con el expediente penal, la v\u00edctima fue agredida de manera f\u00edsica y sexual en diferentes fechas, hechos que ocurrieron en distintas locaciones dentro del municipio de Juchit\u00e1n de Zaragoza.<\/p>\n\n\n\n<p>Cuando la FGEO tom\u00f3 conocimiento del caso, se iniciaron las investigaciones correspondientes, las cuales permitieron aprehender a E.V.C., para posteriormente presentarlo ante la autoridad correspondiente para determinar su situaci\u00f3n jur\u00eddica.<\/p>\n\n\n\n<p>La Fiscal\u00eda General del Estado de Oaxaca refrenda su compromiso de trabajar bajo protocolos de investigaciones eficientes y con perspectiva de g\u00e9nero, a fin de brindar a las v\u00edctimas directas e indirectas adecuados procesos de procuraci\u00f3n de justicia.<\/p>\n","protected":false},"excerpt":{"rendered":"<p>Redacci\u00f3n\/Zona Roja.&nbsp; Oaxaca de Ju\u00e1rez, Oax., a 31 de marzo de 2024.- Como parte de&hellip;<\/p>\n","protected":false},"author":2,"featured_media":48872,"comment_status":"closed","ping_status":"open","sticky":false,"template":"","format":"standard","meta":{"_lmt_disableupdate":"","_lmt_disable":"","_jetpack_memberships_contains_paid_content":false,"footnotes":""},"categories":[109,46],"tags":[494],"class_list":["post-66866","post","type-post","status-publish","format-standard","has-post-thumbnail","hentry","category-minuto-a-minuto","category-zona-blanca","tag-fiscalia-general-del-estado-de-oaxaca"],"jetpack_featured_media_url":"https:\/\/zonaroja.com.mx\/wp-content\/uploads\/2022\/12\/Detenido-detencion-aprehension.jpg","jetpack_sharing_enabled":true,"_links":{"self":[{"href":"https:\/\/zonaroja.com.mx\/index.php?rest_route=\/wp\/v2\/posts\/66866","targetHints":{"allow":["GET"]}}],"collection":[{"href":"https:\/\/zonaroja.com.mx\/index.php?rest_route=\/wp\/v2\/posts"}],"about":[{"href":"https:\/\/zonaroja.com.mx\/index.php?rest_route=\/wp\/v2\/types\/post"}],"author":[{"embeddable":true,"href":"https:\/\/zonaroja.com.mx\/index.php?rest_route=\/wp\/v2\/users\/2"}],"replies":[{"embeddable":true,"href":"https:\/\/zonaroja.com.mx\/index.php?rest_route=%2Fwp%2Fv2%2Fcomments&post=66866"}],"version-history":[{"count":1,"href":"https:\/\/zonaroja.com.mx\/index.php?rest_route=\/wp\/v2\/posts\/66866\/revisions"}],"predecessor-version":[{"id":66867,"href":"https:\/\/zonaroja.com.mx\/index.php?rest_route=\/wp\/v2\/posts\/66866\/revisions\/66867"}],"wp:featuredmedia":[{"embeddable":true,"href":"https:\/\/zonaroja.com.mx\/index.php?rest_route=\/wp\/v2\/media\/48872"}],"wp:attachment":[{"href":"https:\/\/zonaroja.com.mx\/index.php?rest_route=%2Fwp%2Fv2%2Fmedia&parent=66866"}],"wp:term":[{"taxonomy":"category","embeddable":true,"href":"https:\/\/zonaroja.com.mx\/index.php?rest_route=%2Fwp%2Fv2%2Fcategories&post=66866"},{"taxonomy":"post_tag","embeddable":true,"href":"https:\/\/zonaroja.com.mx\/index.php?rest_route=%2Fwp%2Fv2%2Ftags&post=66866"}],"curies":[{"name":"wp","href":"https:\/\/api.w.org\/{rel}","templated":true}]}}