{"id":66868,"date":"2024-04-01T06:45:31","date_gmt":"2024-04-01T12:45:31","guid":{"rendered":"http:\/\/www.zonaroja.com.mx\/?p=66868"},"modified":"2024-04-01T06:48:08","modified_gmt":"2024-04-01T12:48:08","slug":"identifican-a-ejecutado-en-miahuatlan-lesionan-a-dos-en-juchitan-y-les-ponen-mensajes","status":"publish","type":"post","link":"https:\/\/zonaroja.com.mx\/?p=66868","title":{"rendered":"Identifican a ejecutado en Miahuatl\u00e1n; lesionan a dos en Juchit\u00e1n y les ponen mensajes"},"content":{"rendered":"\n<p>Ismael Garc\u00eda M.\/Zona Roja.<\/p>\n\n\n\n<p>Oaxaca de Ju\u00e1rez, Oax., a 1 de abril de 2024.- Como Jorge Pedro S. B., de 34 a\u00f1os de edad, fue identificada la persona asesinada a balazos la tarde de ayer en Miahuatl\u00e1n de Porfirio D\u00edaz, municipio de la regi\u00f3n Sierra Sur de Oaxaca.<\/p>\n\n\n\n<p>De acuerdo con reportes policiacos, el ataque armado ocurri\u00f3 alrededor de las 18:30 horas en la calle Riva Palacio de la colonia San Francisco.<\/p>\n\n\n\n<p>Sujetos armados ingresaron al domicilio de la v\u00edctima y le dispararon de manera directa, tras lo cual huyeron.<\/p>\n\n\n\n<p>El cuerpo de la v\u00edctima present\u00f3 varios impactos de arma de grueso calibre, entre ellos uno en la cabeza, por lo cual falleci\u00f3 al instante en el sitio.<\/p>\n\n\n\n<p>Polic\u00edas municipales arribaron al sitio pero de manera tard\u00eda, por lo cual no pudieron dar con los agresores. <\/p>\n\n\n\n<p>El municipio es gobernado por Jos\u00e9 Alberto Mart\u00ednez &#8211;hijo de Tom\u00e1s Mart\u00ednez, dirigente regional del FPR asesinado hace cuatro a\u00f1os&#8211; y fue postulado por el Partido Unidad Popular; a m\u00e1s de dos a\u00f1os, no ha logrado implementar acciones efectivas de seguridad.<\/p>\n\n\n\n<p>En tanto en la comunidad de La Huichicata, municipio De Santiago Jamiltepec, ayer por la tarde fue ejecutado un individuo, identificado como Pedro \u00abN\u00bb, cuyo m\u00f3vil del crimen se desconoce hasta ahora.<\/p>\n\n\n\n<p>EN JUCHIT\u00c1N<\/p>\n\n\n\n<p>Por otra parte, tambi\u00e9n la tarde de ayer pero en Juchit\u00e1n de Zaragoza, municipio de la regi\u00f3n Istmo, dos individuos fueron golpeados y tras lo cual les colocaron cartulinas con presuntos \u201cnarcomensajes\u201d.<\/p>\n\n\n\n<p>Los cuerpos con vida fueron hallados en la calle 2 de Noviembre por parte de polic\u00edas, pero ning\u00fan elemento se dio cuenta cuando los golpearon y los dejaron amarrados, adem\u00e1s de colocarles mensajes relacionados con grupos delictivos.<\/p>\n\n\n\n<p>El municipio es gobernado por el morenista Miguel S\u00e1nchez Altamirano &#8211;sucesor de Emilio Montero P\u00e9rez&#8211; y tampoco ha priorizado la seguridad de la poblaci\u00f3n; ahora busca la reelecci\u00f3n en el cargo.<\/p>\n\n\n\n<p>En ambos casos, personal de la Fiscal\u00eda General del Estado inici\u00f3 las carpetas de investigaci\u00f3n correspondiente, a fin de dar con los agresores.<\/p>\n","protected":false},"excerpt":{"rendered":"<p>Ismael Garc\u00eda M.\/Zona Roja. Oaxaca de Ju\u00e1rez, Oax., a 1 de abril de 2024.- Como&hellip;<\/p>\n","protected":false},"author":2,"featured_media":66869,"comment_status":"closed","ping_status":"open","sticky":false,"template":"","format":"standard","meta":{"_lmt_disableupdate":"","_lmt_disable":"","_jetpack_memberships_contains_paid_content":false,"footnotes":""},"categories":[109,51],"tags":[169],"class_list":["post-66868","post","type-post","status-publish","format-standard","has-post-thumbnail","hentry","category-minuto-a-minuto","category-zona-roja","tag-miahuatlan-de-porfirio-diaz"],"jetpack_featured_media_url":"https:\/\/zonaroja.com.mx\/wp-content\/uploads\/2024\/04\/Ejecutado-Miahuatlan-31-de-marzo.jpg","jetpack_sharing_enabled":true,"_links":{"self":[{"href":"https:\/\/zonaroja.com.mx\/index.php?rest_route=\/wp\/v2\/posts\/66868","targetHints":{"allow":["GET"]}}],"collection":[{"href":"https:\/\/zonaroja.com.mx\/index.php?rest_route=\/wp\/v2\/posts"}],"about":[{"href":"https:\/\/zonaroja.com.mx\/index.php?rest_route=\/wp\/v2\/types\/post"}],"author":[{"embeddable":true,"href":"https:\/\/zonaroja.com.mx\/index.php?rest_route=\/wp\/v2\/users\/2"}],"replies":[{"embeddable":true,"href":"https:\/\/zonaroja.com.mx\/index.php?rest_route=%2Fwp%2Fv2%2Fcomments&post=66868"}],"version-history":[{"count":2,"href":"https:\/\/zonaroja.com.mx\/index.php?rest_route=\/wp\/v2\/posts\/66868\/revisions"}],"predecessor-version":[{"id":66872,"href":"https:\/\/zonaroja.com.mx\/index.php?rest_route=\/wp\/v2\/posts\/66868\/revisions\/66872"}],"wp:featuredmedia":[{"embeddable":true,"href":"https:\/\/zonaroja.com.mx\/index.php?rest_route=\/wp\/v2\/media\/66869"}],"wp:attachment":[{"href":"https:\/\/zonaroja.com.mx\/index.php?rest_route=%2Fwp%2Fv2%2Fmedia&parent=66868"}],"wp:term":[{"taxonomy":"category","embeddable":true,"href":"https:\/\/zonaroja.com.mx\/index.php?rest_route=%2Fwp%2Fv2%2Fcategories&post=66868"},{"taxonomy":"post_tag","embeddable":true,"href":"https:\/\/zonaroja.com.mx\/index.php?rest_route=%2Fwp%2Fv2%2Ftags&post=66868"}],"curies":[{"name":"wp","href":"https:\/\/api.w.org\/{rel}","templated":true}]}}