{"id":66873,"date":"2024-04-01T07:45:00","date_gmt":"2024-04-01T13:45:00","guid":{"rendered":"http:\/\/www.zonaroja.com.mx\/?p=66873"},"modified":"2024-04-01T07:05:07","modified_gmt":"2024-04-01T13:05:07","slug":"dos-muertos-y-siete-heridos-saldo-fatal-en-supercarretera-a-puerto-escondido","status":"publish","type":"post","link":"https:\/\/zonaroja.com.mx\/?p=66873","title":{"rendered":"Dos muertos y siete heridos, saldo fatal en supercarretera a Puerto Escondido"},"content":{"rendered":"\n<p>Raymundo Morales\/Zona Roja.<\/p>\n\n\n\n<p>Oaxaca de Ju\u00e1rez, Oax., a 1 de abril de 2024.- Por exceso de velocidad, al menos dos accidentes ocurrieron ayer en la supercarretera Oaxaca-Puerto Escondido, en uno de los cuales el saldo fatal fue de dos personas fallecidas y siete lesionadas.<\/p>\n\n\n\n<p>El percance ocurri\u00f3 aproximadamente a las 17:00 horas a la altura del kil\u00f3metro 32, jurisdicci\u00f3n de San Pablo Coatl\u00e1n, en que chocaron un veh\u00edculo particular tipo Corsa, marca Chevrolet, con placas de circulaci\u00f3n NVX-7160, con una camioneta de pasajeros marca Toyota de la l\u00ednea \u201cVilla del Pac\u00edfico\u201d, cuyo conductor huy\u00f3 de la zona.<\/p>\n\n\n\n<p>Del coche perdieron la vida el chofer Ignacio C. N., originario de Santa Catarina Coatl\u00e1n, y la se\u00f1ora Irma C. G.; hubo tambi\u00e9n cuatro personas lesionadas.<\/p>\n\n\n\n<p>De la unidad de pasajeros, que tend\u00ed como destino Puerto Escondido, resultaron tres personas lesionadas.<\/p>\n\n\n\n<p>La mayor\u00eda de lesionados fue trasladado a un hospital ubicado en el municipio de Miahuatl\u00e1n de Porfirio D\u00edaz.<\/p>\n","protected":false},"excerpt":{"rendered":"<p>Raymundo Morales\/Zona Roja. Oaxaca de Ju\u00e1rez, Oax., a 1 de abril de 2024.- Por exceso&hellip;<\/p>\n","protected":false},"author":2,"featured_media":66874,"comment_status":"closed","ping_status":"open","sticky":false,"template":"","format":"standard","meta":{"_lmt_disableupdate":"","_lmt_disable":"","_jetpack_memberships_contains_paid_content":false,"footnotes":""},"categories":[109,47],"tags":[1442],"class_list":["post-66873","post","type-post","status-publish","format-standard","has-post-thumbnail","hentry","category-minuto-a-minuto","category-zona-gris","tag-supercarretera-oaxaca-costa-coatlan"],"jetpack_featured_media_url":"https:\/\/zonaroja.com.mx\/wp-content\/uploads\/2024\/04\/Accidente-supercarretera-Oaxaca-Puerto-Escondido.jpg","jetpack_sharing_enabled":true,"_links":{"self":[{"href":"https:\/\/zonaroja.com.mx\/index.php?rest_route=\/wp\/v2\/posts\/66873","targetHints":{"allow":["GET"]}}],"collection":[{"href":"https:\/\/zonaroja.com.mx\/index.php?rest_route=\/wp\/v2\/posts"}],"about":[{"href":"https:\/\/zonaroja.com.mx\/index.php?rest_route=\/wp\/v2\/types\/post"}],"author":[{"embeddable":true,"href":"https:\/\/zonaroja.com.mx\/index.php?rest_route=\/wp\/v2\/users\/2"}],"replies":[{"embeddable":true,"href":"https:\/\/zonaroja.com.mx\/index.php?rest_route=%2Fwp%2Fv2%2Fcomments&post=66873"}],"version-history":[{"count":1,"href":"https:\/\/zonaroja.com.mx\/index.php?rest_route=\/wp\/v2\/posts\/66873\/revisions"}],"predecessor-version":[{"id":66875,"href":"https:\/\/zonaroja.com.mx\/index.php?rest_route=\/wp\/v2\/posts\/66873\/revisions\/66875"}],"wp:featuredmedia":[{"embeddable":true,"href":"https:\/\/zonaroja.com.mx\/index.php?rest_route=\/wp\/v2\/media\/66874"}],"wp:attachment":[{"href":"https:\/\/zonaroja.com.mx\/index.php?rest_route=%2Fwp%2Fv2%2Fmedia&parent=66873"}],"wp:term":[{"taxonomy":"category","embeddable":true,"href":"https:\/\/zonaroja.com.mx\/index.php?rest_route=%2Fwp%2Fv2%2Fcategories&post=66873"},{"taxonomy":"post_tag","embeddable":true,"href":"https:\/\/zonaroja.com.mx\/index.php?rest_route=%2Fwp%2Fv2%2Ftags&post=66873"}],"curies":[{"name":"wp","href":"https:\/\/api.w.org\/{rel}","templated":true}]}}