{"id":66884,"date":"2024-04-01T09:49:56","date_gmt":"2024-04-01T15:49:56","guid":{"rendered":"http:\/\/www.zonaroja.com.mx\/?p=66884"},"modified":"2024-04-01T09:49:57","modified_gmt":"2024-04-01T15:49:57","slug":"opinion-capital-de-oaxaca-muchos-aspirantes-pocos-con-posibilidades","status":"publish","type":"post","link":"https:\/\/zonaroja.com.mx\/?p=66884","title":{"rendered":"Opini\u00f3n. Capital de Oaxaca: muchos aspirantes, pocos con posibilidades \u00a0"},"content":{"rendered":"\n<p>Ismael Garc\u00eda M.\/Zona Roja.<\/p>\n\n\n\n<p>Oaxaca de Ju\u00e1rez, Oax., a 1 de abril de 2024.- En materia electoral, la capital de Oaxaca siempre ha sido la joya de la corona.&nbsp;<\/p>\n\n\n\n<p>Todos la quieren, todos la desean, pero pocos terminan por convencer a los m\u00e1s de 350 mil habitantes de Oaxaca de Ju\u00e1rez.<\/p>\n\n\n\n<p>La gobernaron por muchos a\u00f1os militantes del PRI; transit\u00f3 a un gobierno del PAN, de Movimiento Ciudadano y ahora de Morena, pero sin excepci\u00f3n alguna, todos han fallado al electorado.<\/p>\n\n\n\n<p>La transici\u00f3n a la izquierda comenz\u00f3 hace cinco a\u00f1os, con Morena, pero el mal sabor de boca que dej\u00f3 el primer trienio permea a\u00fan y su sucesor no ha podido superar ese tortuoso pasado ni dejar huella. Curiosamente, el gobierno municipal no ha tenido ning\u00fan militante del PRD.<\/p>\n\n\n\n<p>El pr\u00f3ximo 2 de junio, los capitalinos deber\u00e1n optar por la reelecci\u00f3n o por una nueva oferta pol\u00edtica.<\/p>\n\n\n\n<p>En s\u00ed, Morena tiene el reto de superar cinco a\u00f1os de escasos logros o dar paso a otro partido. Y virar hacia otro lado pol\u00edtico no est\u00e1 nada lejos, por muchas razones.<\/p>\n\n\n\n<p>VIRAJE CONSTANTE<\/p>\n\n\n\n<p>Quiz\u00e1 harto de que ning\u00fan partido pol\u00edtico satisfaga las necesidades del coraz\u00f3n del estado de Oaxaca y quiz\u00e1 hastiado de promesas, la capital ha cambiado desde hace por lo menos tres d\u00e9cadas de autoridades emanadas de partidos distintos al PRI.<\/p>\n\n\n\n<p>Fue en 1994 cuando los habitantes de la capital decidieron poner un alto al PRI y optaron por un candidato ciudadano-partidista, Pablo Arnaud Carre\u00f1o, surgido de Acci\u00f3n Nacional.<\/p>\n\n\n\n<p>No hizo mal papel y por lo cual los capitalinos decidieron dar continuidad a otro ciudadano-partidista, en la figura del locutor Alberto Rodr\u00edguez Gonz\u00e1lez, pero \u00e9ste \u00faltimo termin\u00f3 por decepcionarlos, pues \u00e9ste bot\u00f3 el cargo y dej\u00f3 a un sucesor: Carlos Melgoza Castillo.<\/p>\n\n\n\n<p>En 2021 decidi\u00f3 por una cara nueva, Gabino Cu\u00e9 Monteagudo, impulsado por el Partido Movimiento Ciudadano, aunque en su corta vida pol\u00edtica, trabaj\u00f3 siempre para el PRI, al lado de Diodoro Carrasco Altamirano.<\/p>\n\n\n\n<p>Tampoco termin\u00f3 su mandato y se lanz\u00f3 a la aventura de una gubernatura, dejando a Mar\u00eda Luisa Acevedo Conde.<\/p>\n\n\n\n<p>Por lo tanto, decepcionados, los capitalinos regresaron con el PRI, con Jes\u00fas \u00c1ngel D\u00edaz Ortega, Manuel de Esesarte Pesqueira y Jos\u00e9 Antonio Hern\u00e1ndez Fraguas.<\/p>\n\n\n\n<p>De nuevo un viraje, ahora a la derecha, con el panista Luis Ugartechea Begu\u00e9, pero el priismo volvi\u00f3 por sus fueros, con Javier Villaca\u00f1a y de nuevo Jos\u00e9 Antonio Hern\u00e1ndez Fraguas, quien cedi\u00f3 ante Morena.<\/p>\n\n\n\n<p>Bajo el efecto Andr\u00e9s Manuel L\u00f3pez Obrador, gan\u00f3 la presidencia municipal Oswaldo Garc\u00eda Jarqu\u00edn, quien pas\u00f3 los a\u00f1os encerrado, sin hacer obras ni nada, con el pretexto de la pandemia, y frecuentando bares.<\/p>\n\n\n\n<p>Tambi\u00e9n con el efecto Obrador, ya dominando la mayor parte del pa\u00eds, gan\u00f3 Francisco Mart\u00ednez Neri, quien lleva dos a\u00f1os dos tres meses, busca repetir en el cargo, pero no ha convencido lo suficiente para ello.<\/p>\n\n\n\n<p>MUCHOS ASPIRANTES<\/p>\n\n\n\n<p>Hoy, adem\u00e1s de Neri, la capital de Oaxaca ha despertado un inusitado inter\u00e9s y hay por lo menos media docena de aspirantes, de todos los colores partidistas, la mayor\u00eda de ellos sin ninguna posibilidad, ni siquiera de alcanzar una regidur\u00eda.<\/p>\n\n\n\n<p>Est\u00e1n por ejemplo Juan Rafael Rosas Herrera, aliado del priista Javier Villaca\u00f1a y quien le ha puesto su menguada estructura territorial.&nbsp;<\/p>\n\n\n\n<p>El ex dirigente del Sindicato de Bur\u00f3cratas cree a\u00fan tener poder y dinero del gremio de trabajadores m\u00e1s grande del estado y busc\u00f3 cobijo en el partido MUJER, de reciente creaci\u00f3n y ligado a l\u00edderes de la Confederaci\u00f3n Internacional de Trabajadores, concretamente Marcos S\u00e1nchez.<\/p>\n\n\n\n<p>Pero Villaca\u00f1a \u2014enojado por haber sido retirado de la dirigencia estatal del PRI\u2014 tiene tambi\u00e9n otra apuesta y es la priista Jocabed Betanzos, actual regidora por el PRI y quien busca la presidencia municipal por el Partido del Trabajo, instituto pol\u00edtico que sin Morena, no es nada.<\/p>\n\n\n\n<p>Pero adem\u00e1s, la joven ha vendido la idea a Benjam\u00edn Robles Montoya que tiene todo el respaldo de los cristianos evang\u00e9licos, lo cual est\u00e1 muy alejado de la realidad.<\/p>\n\n\n\n<p>\u00bfQui\u00e9n es Pablo Alberto Ram\u00edrez Puga? Un joven inexperto de la pol\u00edtica que pretendi\u00f3 buscar el apoyo de su partido, el PRI, pero al no tener ninguna posibilidad de garantizar un triunfo, tuvo que recurrir al Movimiento Ciudadano.<\/p>\n\n\n\n<p>Su \u00fanico \u201clogro\u201d es ser hijo de H\u00e9ctor Pablo Ram\u00edrez Puga Leyva, pol\u00edtico que ha militado en todos los partidos, incluyendo ahora en Movimiento Ciudadano, desde donde pretende impulsar a su v\u00e1stago\u2026 sin \u00e9xito alguno.<\/p>\n\n\n\n<p>POCOS CON CAPACIDAD<\/p>\n\n\n\n<p>S\u00f3lo dos personajes tienen posibilidades reales de gobernar la capital del estado de Oaxaca.<\/p>\n\n\n\n<p>Uno es Francisco Mart\u00ednez Neri, pero en lo pol\u00edtico ha tenido que sortear una serie de dificultades, incluyendo las trabajas en su mismo partido, Morena.<\/p>\n\n\n\n<p>Recientemente la ciudad vivi\u00f3 una intensa jornada proselitista \u2014que no ha sido sancionada, pese a la abierta promoci\u00f3n pol\u00edtica\u2014 de varios aspirantes.<\/p>\n\n\n\n<p>Luis Alfonso Silva Romo, siempre a la sombra de No\u00e9 Jara Cruz, quien le puso estructura y recursos p\u00fablicos del Estado; pese al millonario derroche y al apoyo oficial, no logr\u00f3 avanzar en las encuestas y qued\u00f3 relegado.<\/p>\n\n\n\n<p>Liz Arroyo, tambi\u00e9n morenista, hizo campa\u00f1a pol\u00edtica a lo largo y ancho de la capital, pero sin estructura ni coordinaci\u00f3n ni respaldo, tuvo que ser tambi\u00e9n hecha a un lado.<\/p>\n\n\n\n<p>El ex rector de la UABJO y ex diputado federal tiene una larga historia que comenz\u00f3 desde su primera campa\u00f1a pol\u00edtica en que, pese al rechazo de la dirigencia de Morena en la entidad y al entonces candidato a gobernador, logr\u00f3 ganar las elecciones.<\/p>\n\n\n\n<p>Hoy lleva dos a\u00f1os dos meses al frente del ayuntamiento, pero ha enfrentado una serie de dificultades, producto de un equipo de trabajo que le impusieron por los varios compromisos pol\u00edticos.<\/p>\n\n\n\n<p>Y desde adentro le han jugado las contras, como es el caso del secretario de Gobierno, Felipe Canseco Ruiz, para minar su gobierno.&nbsp;<\/p>\n\n\n\n<p>Carga sobre s\u00ed adem\u00e1s, las escasas obras p\u00fablicas, la eterna crisis de la basura, la nula regulaci\u00f3n del Centro Hist\u00f3rico, el ambulante a\u00fan sin control\u2026 y el rechazo oficial desde el Palacio de Gobierno.<\/p>\n\n\n\n<p>Por el mismo rechazo del gobernador de la entidad, que en absoluto le ha mostrado respaldo pol\u00edtico, Mart\u00ednez Neri tuvo que refugiarse en Amador Jara Cruz para sobrevivir.<\/p>\n\n\n\n<p>La decisi\u00f3n de convertirlo en candidato no tuvo mayor cisma, pues a los dem\u00e1s aspirantes les dieron premios de consolaci\u00f3n; sin embargo, el actual edil no tiene un panorama halag\u00fce\u00f1o para repetir en el cargo, pues enfrenta principalmente el \u201cfuego amigo\u201d, administrativa y pol\u00edticamente.<\/p>\n\n\n\n<p>El otro es Mart\u00edn de Jes\u00fas V\u00e1squez Villanueva, de los pocos priistas que no ha dejado a su partido por el canto de la sirenas del morenismo.<\/p>\n\n\n\n<p>Ha sido diputado local, diputado federal, funcionario en los sexenios de Diodoro Carrasco, Jos\u00e9 Murat, Ulises Ruiz y Alejandro Murat.<\/p>\n\n\n\n<p>Como titular de los Servicios de Salud logr\u00f3 hasta reconocimiento del Congreso del Estado por las m\u00faltiples obras que impuls\u00f3; pero tambi\u00e9n se\u00f1alamientos de corrupci\u00f3n, ninguno de los cuales prosper\u00f3 formalmente.<\/p>\n\n\n\n<p>Quiz\u00e1 estas acusaciones le han generado puntos negativos pero, a decir del galeno, cuenta con un documento de la Secretar\u00eda de la Contralor\u00eda \u2014mismo que mostr\u00f3 en redes sociales el a\u00f1o pasado\u2014 que lo exime de cualquier responsabilidad.<\/p>\n\n\n\n<p>Desde hace m\u00e1s de tres lustros reside en la capital oaxaque\u00f1a, desde donde ha visto y vivido las problem\u00e1ticas, para lo cual ha promovido soluciones t\u00e9cnicas e integrales, a trav\u00e9s de expertos a nivel nacional.<\/p>\n\n\n\n<p>Decidi\u00f3 buscar la capital bajo el cobijo del PRI y tambi\u00e9n tiene el apoyo del PAN, aunque el PRD no se ha pronunciado abiertamente en su respaldo y tampoco tiene su propio candidato.<\/p>\n\n\n\n<p>\u00bfPuede Mart\u00edn V\u00e1squez vencer a Mart\u00ednez Neri? \u00bfPuede el PRI regresar al poder con la joya de la corona?<\/p>\n\n\n\n<p>Tiene muchas posibilidades y el principal factor es X\u00f3chitl G\u00e1lvez, que d\u00eda con d\u00eda crece en simpat\u00edas y arrastra o arrastrar\u00e1, seguramente hacia muchos triunfos.<\/p>\n\n\n\n<p>Tiene tambi\u00e9n el respaldo de un sector importante del morenismo que no apost\u00f3 por el actual presidente municipal y que est\u00e1 decidido a cobrar afrentas. La moneda est\u00e1 en el aire.<\/p>\n","protected":false},"excerpt":{"rendered":"<p>Ismael Garc\u00eda M.\/Zona Roja. Oaxaca de Ju\u00e1rez, Oax., a 1 de abril de 2024.- En&hellip;<\/p>\n","protected":false},"author":2,"featured_media":41735,"comment_status":"closed","ping_status":"open","sticky":false,"template":"","format":"standard","meta":{"_lmt_disableupdate":"","_lmt_disable":"","_jetpack_memberships_contains_paid_content":false,"footnotes":""},"categories":[456,109,48],"tags":[1353],"class_list":["post-66884","post","type-post","status-publish","format-standard","has-post-thumbnail","hentry","category-columna","category-minuto-a-minuto","category-zona-critica","tag-opinion-zona-critica"],"jetpack_featured_media_url":"https:\/\/zonaroja.com.mx\/wp-content\/uploads\/2022\/05\/Opinion-Ismael-Garcia-M.jpg","jetpack_sharing_enabled":true,"_links":{"self":[{"href":"https:\/\/zonaroja.com.mx\/index.php?rest_route=\/wp\/v2\/posts\/66884","targetHints":{"allow":["GET"]}}],"collection":[{"href":"https:\/\/zonaroja.com.mx\/index.php?rest_route=\/wp\/v2\/posts"}],"about":[{"href":"https:\/\/zonaroja.com.mx\/index.php?rest_route=\/wp\/v2\/types\/post"}],"author":[{"embeddable":true,"href":"https:\/\/zonaroja.com.mx\/index.php?rest_route=\/wp\/v2\/users\/2"}],"replies":[{"embeddable":true,"href":"https:\/\/zonaroja.com.mx\/index.php?rest_route=%2Fwp%2Fv2%2Fcomments&post=66884"}],"version-history":[{"count":1,"href":"https:\/\/zonaroja.com.mx\/index.php?rest_route=\/wp\/v2\/posts\/66884\/revisions"}],"predecessor-version":[{"id":66885,"href":"https:\/\/zonaroja.com.mx\/index.php?rest_route=\/wp\/v2\/posts\/66884\/revisions\/66885"}],"wp:featuredmedia":[{"embeddable":true,"href":"https:\/\/zonaroja.com.mx\/index.php?rest_route=\/wp\/v2\/media\/41735"}],"wp:attachment":[{"href":"https:\/\/zonaroja.com.mx\/index.php?rest_route=%2Fwp%2Fv2%2Fmedia&parent=66884"}],"wp:term":[{"taxonomy":"category","embeddable":true,"href":"https:\/\/zonaroja.com.mx\/index.php?rest_route=%2Fwp%2Fv2%2Fcategories&post=66884"},{"taxonomy":"post_tag","embeddable":true,"href":"https:\/\/zonaroja.com.mx\/index.php?rest_route=%2Fwp%2Fv2%2Ftags&post=66884"}],"curies":[{"name":"wp","href":"https:\/\/api.w.org\/{rel}","templated":true}]}}