{"id":66886,"date":"2024-04-01T12:51:00","date_gmt":"2024-04-01T18:51:00","guid":{"rendered":"http:\/\/www.zonaroja.com.mx\/?p=66886"},"modified":"2024-04-01T09:52:54","modified_gmt":"2024-04-01T15:52:54","slug":"mas-de-100-mil-marcharon-para-exigir-la-renuncia-del-presidente-de-israel","status":"publish","type":"post","link":"https:\/\/zonaroja.com.mx\/?p=66886","title":{"rendered":"M\u00e1s de 100 mil marcharon para exigir la renuncia del presidente de Israel"},"content":{"rendered":"\n<p>Redacci\u00f3n\/Zona Roja Cdmx.<\/p>\n\n\n\n<p>Ciudad de M\u00e9xico, a 1 de abril de 2024.- M\u00e1s de cien mil manifestantes exigieron ayer en Jerusal\u00e9n la convocatoria a nuevas elecciones y rechazaron las exenciones concedidas a los jud\u00edos ultraortodoxos del servicio militar, al tiempo que el primer ministro israel\u00ed, Benjamin Netanyahu, se someti\u00f3 a una cirug\u00eda por una hernia detectada en un examen rutinario.<\/p>\n\n\n\n<p>Grupos de protesta y familias de rehenes secuestrados por Hamas el 7 de octubre consideraron que Netanyahu traba el acuerdo de intercambio en el conflicto, por lo que se unieron a una concentraci\u00f3n frente al Knesset, Parlamento israel\u00ed.<\/p>\n\n\n\n<p>\u201cDespu\u00e9s de seis meses, parece que el gobierno entiende que Bibi Netanyahu es un obst\u00e1culo\u201d, dijo el manifestante Einav Moses, cuyo suegro Gadi Moses es reh\u00e9n en Gaza.<\/p>\n\n\n\n<p>\u201cComo si \u00e9l (Netanyahu) realmente no quisiera traerlos de regreso, dado que han fallado en esta misi\u00f3n\u201d, agreg\u00f3 Einav Moses entre los manifestantes que ondeaban banderas israel\u00edes y coreaban \u201c\u00a1Elecciones, ya!\u201d<\/p>\n\n\n\n<p>La prensa israel\u00ed, como N12 News, ponder\u00f3 que parec\u00eda ser la mayor manifestaci\u00f3n desde que comenz\u00f3 la guerra.<\/p>\n\n\n\n<p>Adem\u00e1s, las protestas en el barrio ultraortodoxo de Mea Sharim, en el norte de Jerusal\u00e9n, congregaron al grupo Hermanos y Hermanas de Armas, quienes marcharon con estandartes israel\u00edes para exigir igualdad en el reclutamiento militar, debido a que los estudiantes de las escuelas talm\u00fadicas est\u00e1n exentos del servicio castrense.<\/p>\n\n\n\n<p>Vecinos de la zona lanzaron huevos a los manifestantes y les llamaron \u201cnazis\u201d. \u201c\u00a1Moriremos antes que alistarnos!\u201d, grit\u00f3 uno de los ultraortodoxos, al tiempo que la fuerza p\u00fablica intervino ante los conatos de violencia y arrest\u00f3 a un jared\u00ed.<\/p>\n\n\n\n<p>En la marcha, el l\u00edder de la oposici\u00f3n, Yair Lapid, del partido Yesh Atid, aludi\u00f3 que Netanyahu cree que la convocatoria a elecciones paralizar\u00eda a Israel, pero \u201cya lo est\u00e1\u201d.<\/p>\n\n\n\n<p>Netanyahu, tras ser sometido a cirug\u00eda, convalece \u201cexitosamente\u201d, inform\u00f3 su oficina.<\/p>\n\n\n\n<p>Antes de la intervenci\u00f3n, en un discurso televisado a nivel nacional, el premier israel\u00ed dijo: \u201cHar\u00e9 todo lo posible para traer a los rehenes a casa\u201d, y asegur\u00f3 que las elecciones anticipadas en Israel paralizar\u00edan las negociaciones para liberar a los cautivos.&nbsp;<\/p>\n\n\n\n<p>Agreg\u00f3 que Estados Unidos no ha frenado los planes israel\u00edes para lanzar un asalto en Rafah, donde est\u00e1n hacinados 1.3 millones de palestinos.<\/p>\n\n\n\n<p>El Foro Empresarial de Israel, en tanto, que representa a la mayor\u00eda de las 200 mayores empresas, otorg\u00f3 permiso a sus trabajadores para participar en las movilizaciones.<\/p>\n\n\n\n<p>(Informaci\u00f3n de agencias en \u201cLa Jornada\u201d)<\/p>\n","protected":false},"excerpt":{"rendered":"<p>Redacci\u00f3n\/Zona Roja Cdmx. Ciudad de M\u00e9xico, a 1 de abril de 2024.- M\u00e1s de cien&hellip;<\/p>\n","protected":false},"author":2,"featured_media":66887,"comment_status":"closed","ping_status":"open","sticky":false,"template":"","format":"standard","meta":{"_lmt_disableupdate":"","_lmt_disable":"","_jetpack_memberships_contains_paid_content":false,"footnotes":""},"categories":[109,47],"tags":[2668],"class_list":["post-66886","post","type-post","status-publish","format-standard","has-post-thumbnail","hentry","category-minuto-a-minuto","category-zona-gris","tag-conflicto-gaza-israel"],"jetpack_featured_media_url":"https:\/\/zonaroja.com.mx\/wp-content\/uploads\/2024\/04\/Marcha-Israel.jpeg","jetpack_sharing_enabled":true,"_links":{"self":[{"href":"https:\/\/zonaroja.com.mx\/index.php?rest_route=\/wp\/v2\/posts\/66886","targetHints":{"allow":["GET"]}}],"collection":[{"href":"https:\/\/zonaroja.com.mx\/index.php?rest_route=\/wp\/v2\/posts"}],"about":[{"href":"https:\/\/zonaroja.com.mx\/index.php?rest_route=\/wp\/v2\/types\/post"}],"author":[{"embeddable":true,"href":"https:\/\/zonaroja.com.mx\/index.php?rest_route=\/wp\/v2\/users\/2"}],"replies":[{"embeddable":true,"href":"https:\/\/zonaroja.com.mx\/index.php?rest_route=%2Fwp%2Fv2%2Fcomments&post=66886"}],"version-history":[{"count":1,"href":"https:\/\/zonaroja.com.mx\/index.php?rest_route=\/wp\/v2\/posts\/66886\/revisions"}],"predecessor-version":[{"id":66888,"href":"https:\/\/zonaroja.com.mx\/index.php?rest_route=\/wp\/v2\/posts\/66886\/revisions\/66888"}],"wp:featuredmedia":[{"embeddable":true,"href":"https:\/\/zonaroja.com.mx\/index.php?rest_route=\/wp\/v2\/media\/66887"}],"wp:attachment":[{"href":"https:\/\/zonaroja.com.mx\/index.php?rest_route=%2Fwp%2Fv2%2Fmedia&parent=66886"}],"wp:term":[{"taxonomy":"category","embeddable":true,"href":"https:\/\/zonaroja.com.mx\/index.php?rest_route=%2Fwp%2Fv2%2Fcategories&post=66886"},{"taxonomy":"post_tag","embeddable":true,"href":"https:\/\/zonaroja.com.mx\/index.php?rest_route=%2Fwp%2Fv2%2Ftags&post=66886"}],"curies":[{"name":"wp","href":"https:\/\/api.w.org\/{rel}","templated":true}]}}