{"id":6689,"date":"2019-12-15T08:09:29","date_gmt":"2019-12-15T14:09:29","guid":{"rendered":"http:\/\/www.zonaroja.com.mx\/?p=6689"},"modified":"2019-12-15T08:09:34","modified_gmt":"2019-12-15T14:09:34","slug":"proyecto-transistimico-aun-sin-consulta-y-sigue-oposicion-ucizoni","status":"publish","type":"post","link":"https:\/\/zonaroja.com.mx\/?p=6689","title":{"rendered":"Proyecto Trans\u00edstimico, a\u00fan sin consulta y sigue oposici\u00f3n: Ucizoni"},"content":{"rendered":"\n<p>Redacci\u00f3n\/Zona Roja.<\/p>\n\n\n\n<p>Oaxaca de Ju\u00e1rez, Oax., 15 de diciembre\nde 2019.- Al menos 73 representantes de comunidades de 11 municipios de\ndiversas etnias en la zona del Istmo de Tehuantepec y el Bajo Mixe rechazaron\nde nuevo el Proyecto Trans\u00edstmico.<\/p>\n\n\n\n<p>La Uni\u00f3n de Comunidades Ind\u00edgenas de la\nZona Norte del Istmo (Ucizoni) detall\u00f3 que ayer s\u00e1bado se llev\u00f3 a cabo una\nasamblea en la comunidad de Rinc\u00f3n Viejo, del municipio de Santa Mar\u00eda Petapa,\ndonde indicaron que a la fecha no han sido consultados sobre ese megaproyecto.<\/p>\n\n\n\n<p>\u201cLos participantes manifestaron que el\nllamado Programa Istmo no ha sido informado ni consultado en sus comunidades.\nQue es falso lo que ha declarado el comisionado Rafael Mar\u00edn Mollinedo en el\nsentido que los 31 n\u00facleos rurales que impactar\u00e1 de manera directa el proyecto\nCorredor Trans\u00edstmico lo hayan aprobado, pues ni siquiera se les ha brindado\ninformaci\u00f3n amplia sobre el mismo\u201d, indic\u00f3.<\/p>\n\n\n\n<p>Denunciaron la presencia de personal de\nla empresa AOS que al hacer una encuesta est\u00e1 tratando de convencer a los\nvecinos, lo mismo que supuestos estudiantes de la UNAM.<\/p>\n\n\n\n<p>Acordaron el exigir p\u00fablicamente al Presidente\nde la Rep\u00fablica sea respetado el derecho de los pueblos ind\u00edgenas a ser\ndebidamente informados y consultados.<\/p>\n\n\n\n<p>En caso contrario, se realizar\u00e1n nuevas\nmovilizaciones y no permitir\u00e1n la entrada de personal incluyendo de orientales\nque supuestamente est\u00e1n realizando estudios.<\/p>\n","protected":false},"excerpt":{"rendered":"<p>Redacci\u00f3n\/Zona Roja. Oaxaca de Ju\u00e1rez, Oax., 15 de diciembre de 2019.- Al menos 73 representantes&hellip;<\/p>\n","protected":false},"author":2,"featured_media":6690,"comment_status":"closed","ping_status":"open","sticky":false,"template":"","format":"standard","meta":{"_lmt_disableupdate":"","_lmt_disable":"","_jetpack_memberships_contains_paid_content":false,"footnotes":""},"categories":[109,47],"tags":[1146],"class_list":["post-6689","post","type-post","status-publish","format-standard","has-post-thumbnail","hentry","category-minuto-a-minuto","category-zona-gris","tag-proyecto-transistimico"],"jetpack_featured_media_url":"https:\/\/zonaroja.com.mx\/wp-content\/uploads\/2019\/12\/Ucizoni.jpg","jetpack_sharing_enabled":true,"_links":{"self":[{"href":"https:\/\/zonaroja.com.mx\/index.php?rest_route=\/wp\/v2\/posts\/6689","targetHints":{"allow":["GET"]}}],"collection":[{"href":"https:\/\/zonaroja.com.mx\/index.php?rest_route=\/wp\/v2\/posts"}],"about":[{"href":"https:\/\/zonaroja.com.mx\/index.php?rest_route=\/wp\/v2\/types\/post"}],"author":[{"embeddable":true,"href":"https:\/\/zonaroja.com.mx\/index.php?rest_route=\/wp\/v2\/users\/2"}],"replies":[{"embeddable":true,"href":"https:\/\/zonaroja.com.mx\/index.php?rest_route=%2Fwp%2Fv2%2Fcomments&post=6689"}],"version-history":[{"count":1,"href":"https:\/\/zonaroja.com.mx\/index.php?rest_route=\/wp\/v2\/posts\/6689\/revisions"}],"predecessor-version":[{"id":6691,"href":"https:\/\/zonaroja.com.mx\/index.php?rest_route=\/wp\/v2\/posts\/6689\/revisions\/6691"}],"wp:featuredmedia":[{"embeddable":true,"href":"https:\/\/zonaroja.com.mx\/index.php?rest_route=\/wp\/v2\/media\/6690"}],"wp:attachment":[{"href":"https:\/\/zonaroja.com.mx\/index.php?rest_route=%2Fwp%2Fv2%2Fmedia&parent=6689"}],"wp:term":[{"taxonomy":"category","embeddable":true,"href":"https:\/\/zonaroja.com.mx\/index.php?rest_route=%2Fwp%2Fv2%2Fcategories&post=6689"},{"taxonomy":"post_tag","embeddable":true,"href":"https:\/\/zonaroja.com.mx\/index.php?rest_route=%2Fwp%2Fv2%2Ftags&post=6689"}],"curies":[{"name":"wp","href":"https:\/\/api.w.org\/{rel}","templated":true}]}}