{"id":66890,"date":"2024-04-01T13:19:03","date_gmt":"2024-04-01T19:19:03","guid":{"rendered":"http:\/\/www.zonaroja.com.mx\/?p=66890"},"modified":"2024-04-01T13:29:02","modified_gmt":"2024-04-01T19:29:02","slug":"denuncia-comunidad-mixteca-sitio-y-cobro-de-piso-para-dejar-pasar-a-la-gente","status":"publish","type":"post","link":"https:\/\/zonaroja.com.mx\/?p=66890","title":{"rendered":"Denuncia comunidad Mixteca sitio y \u201ccobro de piso\u201d para dejar pasar a la gente"},"content":{"rendered":"\n<p>Ismael Garc\u00eda M.\/Zona Roja.&nbsp;<\/p>\n\n\n\n<p>Oaxaca de Ju\u00e1rez, Oax., a 1 de abril de 2024.- La autoridad municipal de&nbsp;Santa Mar\u00eda Yucuhiti&nbsp;denunci\u00f3 que sus vecinos de&nbsp;Santo Tom\u00e1s Ocotepec los mantienen sitiados desde hace tres d\u00edas y para salir de su comunidad, literalmente les cobran \u201cderecho de piso\u201d.<\/p>\n\n\n\n<p>A trav\u00e9s de un oficio fechado el 30 de marzo, el edil de Yucuhiti, Pedro Mois\u00e9s L\u00f3pez Garc\u00eda, pidi\u00f3 de manera respetuosa al presidente de Ocotepec, Jorge Rivero Aguilar, les permita el paso.&nbsp;<\/p>\n\n\n\n<p>\u201cDerivado a m\u00faltiples quejas de la ciudadan\u00eda de pueblo de Santa Mar\u00eda &nbsp;Yucuhiti, donde han sido afectados al transitar por esa jurisdicci\u00f3n territorial que usted representa, toda vez que existen filtros donde solicitan apoyo econ\u00f3mico de manera constante y que al no cumplir con ello han sido violentados por los encargados de cada filtro, por tal motivo solicitamos a usted para que autorice el libre acceso a nuestra ciudadan\u00eda, con el fin de mantener la armon\u00eda entre nuestros pueblos, sabedores que es el \u00fanico acceso para ir a la ciudad de Tlaxiaco para diferentes tr\u00e1mites, comercio entre otras necesidades\u201d, expuso, con respaldo del s\u00edndico municipal Gilberto Amadeo Garc\u00eda.&nbsp;<\/p>\n\n\n\n<p>Por ello, las autoridades municipales solicitan que se autorice el libre acceso a la ciudadan\u00eda, con el objetivo de preservar la armon\u00eda entre los pueblos y facilitar el tr\u00e1nsito hacia la ciudad de Tlaxiaco para diversos tr\u00e1mites, comercio y otras necesidades.<\/p>\n\n\n\n<p>Por el momento se desconocen las razones de Santo Tom\u00e1s Ocotepec para impedir el libre tr\u00e1nsito y violentar a sus vecinos de la regi\u00f3n Mixteca.&nbsp;<\/p>\n\n\n\n<p>Tambi\u00e9n hasta ahora la Secretar\u00eda de Gobierno no ha emitido pronunciamiento al respecto.&nbsp;<\/p>\n","protected":false},"excerpt":{"rendered":"<p>Ismael Garc\u00eda M.\/Zona Roja.&nbsp; Oaxaca de Ju\u00e1rez, Oax., a 1 de abril de 2024.- La&hellip;<\/p>\n","protected":false},"author":2,"featured_media":66889,"comment_status":"closed","ping_status":"open","sticky":false,"template":"","format":"standard","meta":{"_lmt_disableupdate":"","_lmt_disable":"","_jetpack_memberships_contains_paid_content":false,"footnotes":""},"categories":[109,51],"tags":[],"class_list":["post-66890","post","type-post","status-publish","format-standard","has-post-thumbnail","hentry","category-minuto-a-minuto","category-zona-roja"],"jetpack_featured_media_url":"https:\/\/zonaroja.com.mx\/wp-content\/uploads\/2024\/04\/img_9620-1.jpg","jetpack_sharing_enabled":true,"_links":{"self":[{"href":"https:\/\/zonaroja.com.mx\/index.php?rest_route=\/wp\/v2\/posts\/66890","targetHints":{"allow":["GET"]}}],"collection":[{"href":"https:\/\/zonaroja.com.mx\/index.php?rest_route=\/wp\/v2\/posts"}],"about":[{"href":"https:\/\/zonaroja.com.mx\/index.php?rest_route=\/wp\/v2\/types\/post"}],"author":[{"embeddable":true,"href":"https:\/\/zonaroja.com.mx\/index.php?rest_route=\/wp\/v2\/users\/2"}],"replies":[{"embeddable":true,"href":"https:\/\/zonaroja.com.mx\/index.php?rest_route=%2Fwp%2Fv2%2Fcomments&post=66890"}],"version-history":[{"count":2,"href":"https:\/\/zonaroja.com.mx\/index.php?rest_route=\/wp\/v2\/posts\/66890\/revisions"}],"predecessor-version":[{"id":66892,"href":"https:\/\/zonaroja.com.mx\/index.php?rest_route=\/wp\/v2\/posts\/66890\/revisions\/66892"}],"wp:featuredmedia":[{"embeddable":true,"href":"https:\/\/zonaroja.com.mx\/index.php?rest_route=\/wp\/v2\/media\/66889"}],"wp:attachment":[{"href":"https:\/\/zonaroja.com.mx\/index.php?rest_route=%2Fwp%2Fv2%2Fmedia&parent=66890"}],"wp:term":[{"taxonomy":"category","embeddable":true,"href":"https:\/\/zonaroja.com.mx\/index.php?rest_route=%2Fwp%2Fv2%2Fcategories&post=66890"},{"taxonomy":"post_tag","embeddable":true,"href":"https:\/\/zonaroja.com.mx\/index.php?rest_route=%2Fwp%2Fv2%2Ftags&post=66890"}],"curies":[{"name":"wp","href":"https:\/\/api.w.org\/{rel}","templated":true}]}}