{"id":66905,"date":"2024-04-01T21:36:07","date_gmt":"2024-04-02T03:36:07","guid":{"rendered":"http:\/\/www.zonaroja.com.mx\/?p=66905"},"modified":"2024-04-01T21:36:08","modified_gmt":"2024-04-02T03:36:08","slug":"asesinan-a-candidata-de-morena-a-la-alcaldia-de-celaya-guanajuato","status":"publish","type":"post","link":"https:\/\/zonaroja.com.mx\/?p=66905","title":{"rendered":"Asesinan a candidata de Morena a la alcald\u00eda de Celaya, Guanajuato"},"content":{"rendered":"\n<p>Redacci\u00f3n\/Zona Roja Cdmx.<\/p>\n\n\n\n<p>Ciudad de M\u00e9xico, a 1 de abril de 2024.- Bertha Gisela Gayt\u00e1n, candidata del Movimiento de Regeneraci\u00f3n Nacional (Morena) a la alcald\u00eda de Celaya, Guanajuato fue atacada a balazos durante el lunes 1 de abril, tras el ataque la mujer muri\u00f3.<\/p>\n\n\n\n<p>Los hechos sucedieron en la comunidad de San Miguel Octopan, seg\u00fan los primeros reportes. En un breve video que circul\u00f3 en redes sociales se puede ver que un grupo de personas estaban en un evento de campa\u00f1a con banderas color guinda cuando de repente se escuchan varios disparos en el sitio.<\/p>\n\n\n\n<p>Ante las detonaciones se escucha un grito y se alcanza a apreciar que los sujetos presentes trataron de resguardarse. Adem\u00e1s de la muerte de la candidata tambi\u00e9n se report\u00f3 el deceso de un hombre que hasta el momento no se conoce su identidad.<\/p>\n\n\n\n<p>Por su parte Alma Alcaraz, quien busca ser gobernadora de Guanajuato por Morena, confirm\u00f3 el deceso de su compa\u00f1era, escribi\u00f3 alrededor de las 7:30 del lunes acerca del asesinato de Gisela Gayt\u00e1n en sus redes sociales y anunci\u00f3 el cierre de actividades de campa\u00f1a durante el lunes.<\/p>\n\n\n\n<p>\u201cPor ahora no voy a dar m\u00e1s declaraciones por respeto a la irreparable p\u00e9rdida de mi compa\u00f1era, Gisela Gayt\u00e1n, y al dolor de sus familiares. Adelanto que el d\u00eda de hoy vamos a suspender nuestra campa\u00f1a y en las pr\u00f3ximas horas daremos un posicionamiento oficial\u201d, escribi\u00f3 Alcaraz.<\/p>\n\n\n\n<p>El reportero V\u00edctor G\u00f3mez fue quien detall\u00f3 la muerte de un hombre as\u00ed como dos personas m\u00e1s heridas, seg\u00fan comparti\u00f3 para TV Azteca Baj\u00edo. Como resultado en el sitio fue implementado un operativo en el que participan guardias nacionales y elementos de la Polic\u00eda Municipal y de la Secretar\u00eda de la Defensa Nacional (Sedena).<\/p>\n\n\n\n<p>La mujer estaba en su primer evento de campa\u00f1a y fue atacada cuando estaba rodeada de simpatizantes, luego de que en la ma\u00f1ana del lunes present\u00f3 su estrategia de seguridad. No se conoce la identidad de los responsables del ataque y tampoco se han reportado detenciones ligadas con la agresi\u00f3n en contra de Gisela Gayt\u00e1n.<\/p>\n\n\n\n<p>Apenas a las 5:40 de la tarde del lunes la mujer hab\u00eda compartido a trav\u00e9s de sus redes sociales un mensaje en el que anunciaba que se reuni\u00f3 con locatarios del Mercado Morelos.<\/p>\n\n\n\n<p>\u201cQueremos una Celaya donde cada persona tenga la oportunidad de prosperar, queremos la transformaci\u00f3n\u201d, escribi\u00f3 la mujer en su cuenta de Facebook. Mientras que la ma\u00f1ana del domingo pasado en su perfil comparti\u00f3 su deseo por \u201crecuperar la seguridad\u201d en Celaya.<\/p>\n\n\n\n<p>El ataque en contra de la morenista ocurri\u00f3 tan solo un d\u00eda despu\u00e9s de que Alda Pacheco Ju\u00e1rez, tambi\u00e9n candidata pero por parte de Movimiento Ciudadano (MC) fuera interceptada por un grupo de sujetos armados que realizaron detonaciones al aire cuando la emecista iba en un veh\u00edculo sobre la carretera Cortazar &#8211; Jaral del Progreso.<\/p>\n\n\n\n<p>Adem\u00e1s, en dicho veh\u00edculo tambi\u00e9n estaba la coordinadora de la Comisi\u00f3n Operativa Municipal de Morole\u00f3n, Laura Gallardo. La organizaci\u00f3n pol\u00edtica inform\u00f3 en un comunicado que las mujeres mencionadas salieron ilesas pero tambi\u00e9n exigieron un proceso electoral en el que ciudadan\u00eda y pol\u00edticos no est\u00e9n en riesgo.<\/p>\n\n\n\n<p>(Informaci\u00f3n de Infobae M\u00e9xico)<\/p>\n","protected":false},"excerpt":{"rendered":"<p>Redacci\u00f3n\/Zona Roja Cdmx. Ciudad de M\u00e9xico, a 1 de abril de 2024.- Bertha Gisela Gayt\u00e1n,&hellip;<\/p>\n","protected":false},"author":2,"featured_media":66906,"comment_status":"closed","ping_status":"open","sticky":false,"template":"","format":"standard","meta":{"_lmt_disableupdate":"","_lmt_disable":"","_jetpack_memberships_contains_paid_content":false,"footnotes":""},"categories":[109,51],"tags":[3893],"class_list":["post-66905","post","type-post","status-publish","format-standard","has-post-thumbnail","hentry","category-minuto-a-minuto","category-zona-roja","tag-bertha-gisela-gaytan"],"jetpack_featured_media_url":"https:\/\/zonaroja.com.mx\/wp-content\/uploads\/2024\/04\/Bertha-Gisela-Gaytan-Candidata-de-Morena-asesinada-en-Celaya-.tiff","jetpack_sharing_enabled":true,"_links":{"self":[{"href":"https:\/\/zonaroja.com.mx\/index.php?rest_route=\/wp\/v2\/posts\/66905","targetHints":{"allow":["GET"]}}],"collection":[{"href":"https:\/\/zonaroja.com.mx\/index.php?rest_route=\/wp\/v2\/posts"}],"about":[{"href":"https:\/\/zonaroja.com.mx\/index.php?rest_route=\/wp\/v2\/types\/post"}],"author":[{"embeddable":true,"href":"https:\/\/zonaroja.com.mx\/index.php?rest_route=\/wp\/v2\/users\/2"}],"replies":[{"embeddable":true,"href":"https:\/\/zonaroja.com.mx\/index.php?rest_route=%2Fwp%2Fv2%2Fcomments&post=66905"}],"version-history":[{"count":1,"href":"https:\/\/zonaroja.com.mx\/index.php?rest_route=\/wp\/v2\/posts\/66905\/revisions"}],"predecessor-version":[{"id":66907,"href":"https:\/\/zonaroja.com.mx\/index.php?rest_route=\/wp\/v2\/posts\/66905\/revisions\/66907"}],"wp:featuredmedia":[{"embeddable":true,"href":"https:\/\/zonaroja.com.mx\/index.php?rest_route=\/wp\/v2\/media\/66906"}],"wp:attachment":[{"href":"https:\/\/zonaroja.com.mx\/index.php?rest_route=%2Fwp%2Fv2%2Fmedia&parent=66905"}],"wp:term":[{"taxonomy":"category","embeddable":true,"href":"https:\/\/zonaroja.com.mx\/index.php?rest_route=%2Fwp%2Fv2%2Fcategories&post=66905"},{"taxonomy":"post_tag","embeddable":true,"href":"https:\/\/zonaroja.com.mx\/index.php?rest_route=%2Fwp%2Fv2%2Ftags&post=66905"}],"curies":[{"name":"wp","href":"https:\/\/api.w.org\/{rel}","templated":true}]}}