{"id":66908,"date":"2024-04-01T22:00:52","date_gmt":"2024-04-02T04:00:52","guid":{"rendered":"http:\/\/www.zonaroja.com.mx\/?p=66908"},"modified":"2024-04-01T22:00:53","modified_gmt":"2024-04-02T04:00:53","slug":"periodista-denuncia-agresion-del-nacional-monte-de-piedad-en-oaxaca","status":"publish","type":"post","link":"https:\/\/zonaroja.com.mx\/?p=66908","title":{"rendered":"Periodista denuncia agresi\u00f3n del Nacional Monte de Piedad en Oaxaca"},"content":{"rendered":"\n<p>Redacci\u00f3n\/Zona Roja.<\/p>\n\n\n\n<p>Oaxaca de Ju\u00e1rez, Oax., a 1 de abril de 2024.- El periodista Edwin Meneses present\u00f3 una denuncia ante la Fiscal\u00eda General del Estado de Oaxaca por agresiones de parte de un empleado del Nacional Monte de Piedad.<\/p>\n\n\n\n<p>Los hechos ocurrieron hoy cuando el reportero de diversos medios de comunicaci\u00f3n acudi\u00f3 a dar cobertura a la atenci\u00f3n por parte de param\u00e9dicos a una mujer en una sucursal de esa casa de empe\u00f1o, en el municipio de Salina Cruz.<\/p>\n\n\n\n<p>Sin embargo, un individuo que primero se identific\u00f3 como gerente de la instituci\u00f3n privada, agredi\u00f3 al comunicador, al reclamar la presencia del periodista en los hechos.<\/p>\n\n\n\n<p>Junto con otros colegas que se encontraban en la zona, Edwin Meneses pidi\u00f3 la presencia policiaca para detener al individuo, lo cual no ocurri\u00f3, por lo que tuvo que acudir a la sede de la Fiscal\u00eda para interponer su denuncia.<\/p>\n\n\n\n<p>En entrevista con \u201cHeraldo Radio\u201d, expuso que personal del Nacional Monte de Piedad intent\u00f3 negociar e impedir que se interpusiera la denuncia.<\/p>\n\n\n\n<p>Narr\u00f3 que el agresor fue identificado como \u00c1ngel L\u00f3pez Perez, encargado de ventas y no era el gerente de la sucursal, como inicialmente se identific\u00f3.<\/p>\n\n\n\n<p>El agresor se subi\u00f3 a la ambulancia acompa\u00f1ando a la f\u00e9mina que iba desmayada y la polic\u00eda no lo detuvo, subray\u00f3.&nbsp;<\/p>\n\n\n\n<p>\u201cEs esposo de una funcionaria del ayuntamiento de esta ciudad y puerto; por esta usurpaci\u00f3n de funciones deben abrirle un expediente de investigaci\u00f3n\u201d, precis\u00f3 Edwin Meneses en entrevista radiof\u00f3nica con Alberto Fern\u00e1ndez Portilla.<\/p>\n\n\n\n<p>Por su parte, el Gobierno del Estado de Oaxaca emiti\u00f3 un comunicado para precisar que no es personal del Monte de Piedad gubernamental quien cometi\u00f3 la agresi\u00f3n.<\/p>\n","protected":false},"excerpt":{"rendered":"<p>Redacci\u00f3n\/Zona Roja. Oaxaca de Ju\u00e1rez, Oax., a 1 de abril de 2024.- El periodista Edwin&hellip;<\/p>\n","protected":false},"author":2,"featured_media":66909,"comment_status":"closed","ping_status":"open","sticky":false,"template":"","format":"standard","meta":{"_lmt_disableupdate":"","_lmt_disable":"","_jetpack_memberships_contains_paid_content":false,"footnotes":""},"categories":[109,47],"tags":[3894,168],"class_list":["post-66908","post","type-post","status-publish","format-standard","has-post-thumbnail","hentry","category-minuto-a-minuto","category-zona-gris","tag-edwin-meneses","tag-salina-cruz"],"jetpack_featured_media_url":"https:\/\/zonaroja.com.mx\/wp-content\/uploads\/2024\/04\/Agresion-a-periodista-Edwin-Meneses-Salina-Cruz.jpg","jetpack_sharing_enabled":true,"_links":{"self":[{"href":"https:\/\/zonaroja.com.mx\/index.php?rest_route=\/wp\/v2\/posts\/66908","targetHints":{"allow":["GET"]}}],"collection":[{"href":"https:\/\/zonaroja.com.mx\/index.php?rest_route=\/wp\/v2\/posts"}],"about":[{"href":"https:\/\/zonaroja.com.mx\/index.php?rest_route=\/wp\/v2\/types\/post"}],"author":[{"embeddable":true,"href":"https:\/\/zonaroja.com.mx\/index.php?rest_route=\/wp\/v2\/users\/2"}],"replies":[{"embeddable":true,"href":"https:\/\/zonaroja.com.mx\/index.php?rest_route=%2Fwp%2Fv2%2Fcomments&post=66908"}],"version-history":[{"count":1,"href":"https:\/\/zonaroja.com.mx\/index.php?rest_route=\/wp\/v2\/posts\/66908\/revisions"}],"predecessor-version":[{"id":66910,"href":"https:\/\/zonaroja.com.mx\/index.php?rest_route=\/wp\/v2\/posts\/66908\/revisions\/66910"}],"wp:featuredmedia":[{"embeddable":true,"href":"https:\/\/zonaroja.com.mx\/index.php?rest_route=\/wp\/v2\/media\/66909"}],"wp:attachment":[{"href":"https:\/\/zonaroja.com.mx\/index.php?rest_route=%2Fwp%2Fv2%2Fmedia&parent=66908"}],"wp:term":[{"taxonomy":"category","embeddable":true,"href":"https:\/\/zonaroja.com.mx\/index.php?rest_route=%2Fwp%2Fv2%2Fcategories&post=66908"},{"taxonomy":"post_tag","embeddable":true,"href":"https:\/\/zonaroja.com.mx\/index.php?rest_route=%2Fwp%2Fv2%2Ftags&post=66908"}],"curies":[{"name":"wp","href":"https:\/\/api.w.org\/{rel}","templated":true}]}}