{"id":66912,"date":"2024-04-02T07:32:25","date_gmt":"2024-04-02T13:32:25","guid":{"rendered":"http:\/\/www.zonaroja.com.mx\/?p=66912"},"modified":"2024-04-02T07:32:37","modified_gmt":"2024-04-02T13:32:37","slug":"asesinan-a-13-personas-en-semana-santa-en-oaxaca","status":"publish","type":"post","link":"https:\/\/zonaroja.com.mx\/?p=66912","title":{"rendered":"Asesinan a 13 personas en Semana Santa en Oaxaca"},"content":{"rendered":"\n<p>Yuridiana Sosa\/ Zona Roja.<\/p>\n\n\n\n<p>Oaxaca de Ju\u00e1rez, Oax., 2 de abril de 2024.- En diferentes hechos delictivos registrados en distintos municipios, al menos 13 personas fueron asesinadas en la Semana Santa en Oaxaca, de acuerdo con reportes policiales y un recuento hemerogr\u00e1fico.<\/p>\n\n\n\n<p>Entre los sucesos delictivos se contempla un feminicidio y el fallecimiento de dos polic\u00edas por armas de fuego, en el interior de un domicilio.<\/p>\n\n\n\n<p>Al t\u00e9rmino de la primera semana vacacional, se registr\u00f3 el asesinato a balazos de un masculino de 34 a\u00f1os identificado como Jorge Pedro S. B. en Miahuatl\u00e1n de Porfirio D\u00edaz, en la regi\u00f3n Sierra Sur de Oaxaca.<\/p>\n\n\n\n<p>Otro hecho m\u00e1s durante el Domingo de Resurrecci\u00f3n ocurri\u00f3 en la comunidad de La Huichicata, municipio de Santiago Jamiltepec, donde un var\u00f3n fue ejecutado; horas despu\u00e9s la v\u00edctima fue identificada como Pedro \u00abN\u00bb, cuyo m\u00f3vil del crimen se desconoce hasta ahora.<\/p>\n\n\n\n<p>En el S\u00e1bado de Gloria, se report\u00f3 que dos integrantes de la Polic\u00eda Estatal de Oaxaca, un hombre y una mujer, fueron hallados sin vida en el interior en un domicilio de San Antonio de la Cal, conurbado a la capital.&nbsp;<\/p>\n\n\n\n<p>Las v\u00edctimas fueron identificadas como Cristian V. C., de 33 a\u00f1os de edad, y Janet R. G., de 35 a\u00f1os, ambos pertenecientes a la Unidad Tur\u00edstica de la corporaci\u00f3n.&nbsp;<\/p>\n\n\n\n<p>Durante el Viernes Santo, en hechos distintos, dos hombres fueron asesinados ayer en Oaxaca.<\/p>\n\n\n\n<p>Uno se registr\u00f3 en la capital del estado, donde durante la madrugada de ese viernes un joven fue atacado a pu\u00f1aladas en la calle San Mart\u00edn casi esquina con Pino Su\u00e1rez, a unos pasos del parque \u201cEl Llano\u201d.<\/p>\n\n\n\n<p>Ante la gravedad de las heridas el joven, quien fue traslado por cuerpos de rescate, muri\u00f3 al llegar al Hospital General \u201cDr. Aurelio Valdivieso\u201d, de los Servicios de Salud de Oaxaca, donde entr\u00f3 en un paro respiratorio.<\/p>\n\n\n\n<p>Una vez m\u00e1s, en Santiago Jamiltepec, otra persona del sexo masculino fue asesinada. La v\u00edctima fue identificada como Juan R., originario y vecino del municipio de Santiago Pinotepa Nacional.<\/p>\n\n\n\n<p>Previamente, en ese mismo municipio, camino a Comaltepec fue localizado el cuerpo sin vida de un individuo, asesinado a balazos y quien fue identificado como Domingo D. A., de 57 a\u00f1os de edad.<\/p>\n\n\n\n<p>&nbsp;En tanto que en Jueves Santo se registr\u00f3 el asesinato de dos personas. Una de ellas es un taxista que fue ejecutado en la carretera Huajuapan de Le\u00f3n-Mariscala de Ju\u00e1rez.<\/p>\n\n\n\n<p>Mientras que una vez m\u00e1s en el Santiago Jamiltepec, una persona del sexo masculino fue asesinada con disparos de arma de fuego, y su cuerpo hallado en la carretera local hacia Santa Elena Comaltepec.<\/p>\n\n\n\n<p>En un domicilio del barrio San Francisco, del municipio de Salina Cruz, regi\u00f3n del Istmo, se registr\u00f3 un ataque armado en contra de una persona del sexo masculino, quien recibi\u00f3 al menos 10 disparos.<\/p>\n\n\n\n<p>En Putla Villa de Guerrero, asesinaron a un taxista, quien fue identificado como Francisco H.T., de 45 a\u00f1os de edad, y agredido mientras consum\u00eda sus alimentos en un establecimiento, cuando ingres\u00f3 un sujeto con un arma de fuego y le dispar\u00f3 directamente.<\/p>\n\n\n\n<p>El pasado mi\u00e9rcoles, una mujer fue asesinada en la regi\u00f3n del Istmo de Tehuantepec y dos personas del sexo masculino en los Valles centrales de Oaxaca.<\/p>\n\n\n\n<p>Mientras que por la ma\u00f1ana en el rancho \u201cSan Juditas\u201d, en el municipio de Ejutla de Crespo fueron ejecutadas a balazos dos personas del sexo masculino.&nbsp;<\/p>\n\n\n\n<p>M\u00c1S AGRESIONES<\/p>\n\n\n\n<p>Durante el Jueves Santo, adem\u00e1s de los asesinatos, varias personas fueron heridas de bala y golpeadas.<\/p>\n\n\n\n<p>En Juchit\u00e1n de Zaragoza, municipio de la regi\u00f3n Istmo, dos individuos fueron golpeados&nbsp; y les colocaron cartulinas con presuntos \u201cnarcomensajes\u201d. Ambos sobrevivieron a la agresi\u00f3n.<\/p>\n\n\n\n<p>Pero otro m\u00e1s fue baleado en una calle de la Quinta Secci\u00f3n, el hombre identificado como Felipe V., de 30 a\u00f1os de edad, fue trasladado al hospital \u201cDr. Macedonio Ben\u00edtez Fuentes\u201d.<\/p>\n","protected":false},"excerpt":{"rendered":"<p>Yuridiana Sosa\/ Zona Roja. Oaxaca de Ju\u00e1rez, Oax., 2 de abril de 2024.- En diferentes&hellip;<\/p>\n","protected":false},"author":2,"featured_media":66737,"comment_status":"closed","ping_status":"open","sticky":false,"template":"","format":"standard","meta":{"_lmt_disableupdate":"","_lmt_disable":"","_jetpack_memberships_contains_paid_content":false,"footnotes":""},"categories":[109,47],"tags":[964],"class_list":["post-66912","post","type-post","status-publish","format-standard","has-post-thumbnail","hentry","category-minuto-a-minuto","category-zona-gris","tag-violencia-oaxaca"],"jetpack_featured_media_url":"https:\/\/zonaroja.com.mx\/wp-content\/uploads\/2024\/03\/escena-violencia-asesinato.jpeg","jetpack_sharing_enabled":true,"_links":{"self":[{"href":"https:\/\/zonaroja.com.mx\/index.php?rest_route=\/wp\/v2\/posts\/66912","targetHints":{"allow":["GET"]}}],"collection":[{"href":"https:\/\/zonaroja.com.mx\/index.php?rest_route=\/wp\/v2\/posts"}],"about":[{"href":"https:\/\/zonaroja.com.mx\/index.php?rest_route=\/wp\/v2\/types\/post"}],"author":[{"embeddable":true,"href":"https:\/\/zonaroja.com.mx\/index.php?rest_route=\/wp\/v2\/users\/2"}],"replies":[{"embeddable":true,"href":"https:\/\/zonaroja.com.mx\/index.php?rest_route=%2Fwp%2Fv2%2Fcomments&post=66912"}],"version-history":[{"count":1,"href":"https:\/\/zonaroja.com.mx\/index.php?rest_route=\/wp\/v2\/posts\/66912\/revisions"}],"predecessor-version":[{"id":66932,"href":"https:\/\/zonaroja.com.mx\/index.php?rest_route=\/wp\/v2\/posts\/66912\/revisions\/66932"}],"wp:featuredmedia":[{"embeddable":true,"href":"https:\/\/zonaroja.com.mx\/index.php?rest_route=\/wp\/v2\/media\/66737"}],"wp:attachment":[{"href":"https:\/\/zonaroja.com.mx\/index.php?rest_route=%2Fwp%2Fv2%2Fmedia&parent=66912"}],"wp:term":[{"taxonomy":"category","embeddable":true,"href":"https:\/\/zonaroja.com.mx\/index.php?rest_route=%2Fwp%2Fv2%2Fcategories&post=66912"},{"taxonomy":"post_tag","embeddable":true,"href":"https:\/\/zonaroja.com.mx\/index.php?rest_route=%2Fwp%2Fv2%2Ftags&post=66912"}],"curies":[{"name":"wp","href":"https:\/\/api.w.org\/{rel}","templated":true}]}}