{"id":66913,"date":"2024-04-02T08:30:00","date_gmt":"2024-04-02T14:30:00","guid":{"rendered":"http:\/\/www.zonaroja.com.mx\/?p=66913"},"modified":"2024-04-02T06:44:29","modified_gmt":"2024-04-02T12:44:29","slug":"logra-seccion-22-inversion-federal-de-2-mil-millones-de-pesos","status":"publish","type":"post","link":"https:\/\/zonaroja.com.mx\/?p=66913","title":{"rendered":"Logra Secci\u00f3n 22 inversi\u00f3n federal de 2 mil millones de pesos"},"content":{"rendered":"\n<p>Redacci\u00f3n\/Zona Roja.<\/p>\n\n\n\n<p>Oaxaca de Ju\u00e1rez, Oax., a 2 de abril de 2024.- El gobierno del Presidente Andr\u00e9s Manuel L\u00f3pez Obrador autoriz\u00f3 una inversi\u00f3n extraordinaria por dos mil 78 millones de pesos para distintos compromisos con la Secci\u00f3n 22 del SNTE.<\/p>\n\n\n\n<p>As\u00ed lo confirmaron autoridades del gobierno de Oaxaca, durante una conferencia de prensa efectuada ayer y que encabez\u00f3 el mandatario Salom\u00f3n Jara Cruz.<\/p>\n\n\n\n<p>El acuerdo se logr\u00f3 hace ocho d\u00edas, durante la reuni\u00f3n que encabez\u00f3 el titular del Ejecutivo federal con la dirigencia del magisterio y con la presencia del gobernador de la entidad.<\/p>\n\n\n\n<p>Entre los acuerdos se estableci\u00f3 que las escuelas p\u00fablicas de Oaxaca ser\u00e1n dotadas con material de c\u00f3mputo y mobiliario escolar.<\/p>\n\n\n\n<p>Asimismo, se subsanar\u00e1n incidencias y vacancias en busca de regularizar las necesidades que tienen los centros educativos para contratar maestras y maestros.<\/p>\n\n\n\n<p>Tambi\u00e9n, se cubrir\u00e1n laudos promovidos por profesoras y profesores que tuvieron afectaciones derivadas de la Reforma Educativa la cual elimin\u00f3 una prima de antig\u00fcedad, motivo por el cual promovieron recursos ante juzgados laborales que les dieron la raz\u00f3n.<\/p>\n\n\n\n<p>En el mismo sentido, se cubrir\u00e1n los pagos del presente a\u00f1o fiscal para el grupo del magisterio conocido como personas becarias, quienes se encuentran en las comunidades m\u00e1s alejadas, frente a grupo, y dotar\u00e1 de uniformes escolares para el alumnado de educaci\u00f3n preescolar y b\u00e1sica.<\/p>\n","protected":false},"excerpt":{"rendered":"<p>Redacci\u00f3n\/Zona Roja. Oaxaca de Ju\u00e1rez, Oax., a 2 de abril de 2024.- El gobierno del&hellip;<\/p>\n","protected":false},"author":2,"featured_media":66914,"comment_status":"closed","ping_status":"open","sticky":false,"template":"","format":"standard","meta":{"_lmt_disableupdate":"","_lmt_disable":"","_jetpack_memberships_contains_paid_content":false,"footnotes":""},"categories":[109,46],"tags":[939],"class_list":["post-66913","post","type-post","status-publish","format-standard","has-post-thumbnail","hentry","category-minuto-a-minuto","category-zona-blanca","tag-salomon-jara-cruz"],"jetpack_featured_media_url":"https:\/\/zonaroja.com.mx\/wp-content\/uploads\/2024\/04\/Conferencia-de-prensa-Salomon-Jara-1-de-abril.jpeg","jetpack_sharing_enabled":true,"_links":{"self":[{"href":"https:\/\/zonaroja.com.mx\/index.php?rest_route=\/wp\/v2\/posts\/66913","targetHints":{"allow":["GET"]}}],"collection":[{"href":"https:\/\/zonaroja.com.mx\/index.php?rest_route=\/wp\/v2\/posts"}],"about":[{"href":"https:\/\/zonaroja.com.mx\/index.php?rest_route=\/wp\/v2\/types\/post"}],"author":[{"embeddable":true,"href":"https:\/\/zonaroja.com.mx\/index.php?rest_route=\/wp\/v2\/users\/2"}],"replies":[{"embeddable":true,"href":"https:\/\/zonaroja.com.mx\/index.php?rest_route=%2Fwp%2Fv2%2Fcomments&post=66913"}],"version-history":[{"count":1,"href":"https:\/\/zonaroja.com.mx\/index.php?rest_route=\/wp\/v2\/posts\/66913\/revisions"}],"predecessor-version":[{"id":66915,"href":"https:\/\/zonaroja.com.mx\/index.php?rest_route=\/wp\/v2\/posts\/66913\/revisions\/66915"}],"wp:featuredmedia":[{"embeddable":true,"href":"https:\/\/zonaroja.com.mx\/index.php?rest_route=\/wp\/v2\/media\/66914"}],"wp:attachment":[{"href":"https:\/\/zonaroja.com.mx\/index.php?rest_route=%2Fwp%2Fv2%2Fmedia&parent=66913"}],"wp:term":[{"taxonomy":"category","embeddable":true,"href":"https:\/\/zonaroja.com.mx\/index.php?rest_route=%2Fwp%2Fv2%2Fcategories&post=66913"},{"taxonomy":"post_tag","embeddable":true,"href":"https:\/\/zonaroja.com.mx\/index.php?rest_route=%2Fwp%2Fv2%2Ftags&post=66913"}],"curies":[{"name":"wp","href":"https:\/\/api.w.org\/{rel}","templated":true}]}}