{"id":66919,"date":"2024-04-02T09:30:00","date_gmt":"2024-04-02T15:30:00","guid":{"rendered":"http:\/\/www.zonaroja.com.mx\/?p=66919"},"modified":"2024-04-02T06:59:16","modified_gmt":"2024-04-02T12:59:16","slug":"realizan-en-congreso-de-oaxaca-foros-sobre-ley-indigena","status":"publish","type":"post","link":"https:\/\/zonaroja.com.mx\/?p=66919","title":{"rendered":"Realizan en Congreso de Oaxaca foros sobre ley ind\u00edgena"},"content":{"rendered":"\n<p>Redacci\u00f3n\/Zona Roja.<\/p>\n\n\n\n<p>Oaxaca de Ju\u00e1rez, Oax., a 2 de abril de 2024.- Con la participaci\u00f3n de congresistas federales y estatales, fue inaugurado en el Congreso de Oaxaca el foro de di\u00e1logo estatal organizado por el Congreso de la Uni\u00f3n, para el debate de las iniciativas de reforma a la Constituci\u00f3n Pol\u00edtica de los Estados Unidos Mexicanos, en materia ind\u00edgena.<\/p>\n\n\n\n<p>Al dar la bienvenida al foro de este lunes, denominado \u201cLibertad. Autonom\u00eda y Libertad Ind\u00edgena\u201d, el presidente de la Junta de Coordinaci\u00f3n Pol\u00edtica (Jucopo) de la 65 Legislatura local, Sergio L\u00f3pez S\u00e1nchez, resalt\u00f3 la importancia de este ejercicio de parlamento abierto para conocer el contenido de las propuestas de reforma en an\u00e1lisis.<\/p>\n\n\n\n<p>\u201cIniciativas de reformas constitucionales para el reconocimiento de los pueblos ind\u00edgenas y afromexicanos como sujetos de derecho p\u00fablico, con personalidad jur\u00eddica y patrimonio propio. La elevaci\u00f3n a rango constitucional la consulta, libre, previa, informada, culturalmente adecuada y de buena fe a pueblos originarios y afromexicanos. La administraci\u00f3n de sus recursos p\u00fablicos sin que puedan pasar por el estado o municipios. Que sean los pueblos los \u00fanicos legitimados para impugnar por las v\u00edas jurisdiccionales establecidas, el reconocimiento en la ley\u201d, detall\u00f3.<\/p>\n\n\n\n<p>Por su parte, la presidenta de la Comisi\u00f3n de Pueblos Ind\u00edgenas y Afromexicanos de la C\u00e1mara de Diputados federal, Irma Juan Carlos, destac\u00f3 que para Oaxaca al ser una entidad pluricultural resulta fundamental este encuentro que forma parte de los foros de di\u00e1logo nacional que realiza el Congreso de la Uni\u00f3n en diversos estados del pa\u00eds, para el an\u00e1lisis del paquete de iniciativas de reforma al art\u00edculo 2 de la Constituci\u00f3n Pol\u00edtica de los Estados Unidos Mexicanos.<\/p>\n\n\n\n<p>Durante el desarrollo de este foro, participan como ponentes el diputado federal, Hamlet Garc\u00eda Almaguer, integrante de la Comisi\u00f3n de Puntos Constitucionales; el diputado local, Ra\u00fal Eduardo Bonifaz Moedano, representante del Congreso de Chiapas; la magistrada del Tribunal Superior Agrario, Larisa Ortiz Quintero.<\/p>\n\n\n\n<p>Asimismo, la magistrada de la Segunda Sala Unitaria Especializada en Materia de Responsabilidades Administrativas y Combate a la Corrupci\u00f3n del Tribunal de Justicia Administrativa y Combate a la Corrupci\u00f3n del Estado de Oaxaca; el magistrado de la Sala Ind\u00edgena y Quinta Sala Penal del Tribunal Superior de Justicia en el Estado, Luis Enrique Cordero Aguilar; X\u00f3chitl L\u00f3pez Santiago, consejera nacional de Pueblos Ind\u00edgenas; y la representante de la Asociaci\u00f3n Latinoamericana para el Desarrollo Alternativo (ALDEA).<\/p>\n","protected":false},"excerpt":{"rendered":"<p>Redacci\u00f3n\/Zona Roja. Oaxaca de Ju\u00e1rez, Oax., a 2 de abril de 2024.- Con la participaci\u00f3n&hellip;<\/p>\n","protected":false},"author":2,"featured_media":66920,"comment_status":"closed","ping_status":"open","sticky":false,"template":"","format":"standard","meta":{"_lmt_disableupdate":"","_lmt_disable":"","_jetpack_memberships_contains_paid_content":false,"footnotes":""},"categories":[109,46],"tags":[2743],"class_list":["post-66919","post","type-post","status-publish","format-standard","has-post-thumbnail","hentry","category-minuto-a-minuto","category-zona-blanca","tag-65-legislatura-del-estado-de-oaxaca"],"jetpack_featured_media_url":"https:\/\/zonaroja.com.mx\/wp-content\/uploads\/2024\/04\/Congreso-de-Oaxaca-sede-de-los-foros-del-Congreso-de-la-Union-sobre-las-iniciativas-de-reforma-constitucional-en-materia-indigena_1.jpeg","jetpack_sharing_enabled":true,"_links":{"self":[{"href":"https:\/\/zonaroja.com.mx\/index.php?rest_route=\/wp\/v2\/posts\/66919","targetHints":{"allow":["GET"]}}],"collection":[{"href":"https:\/\/zonaroja.com.mx\/index.php?rest_route=\/wp\/v2\/posts"}],"about":[{"href":"https:\/\/zonaroja.com.mx\/index.php?rest_route=\/wp\/v2\/types\/post"}],"author":[{"embeddable":true,"href":"https:\/\/zonaroja.com.mx\/index.php?rest_route=\/wp\/v2\/users\/2"}],"replies":[{"embeddable":true,"href":"https:\/\/zonaroja.com.mx\/index.php?rest_route=%2Fwp%2Fv2%2Fcomments&post=66919"}],"version-history":[{"count":1,"href":"https:\/\/zonaroja.com.mx\/index.php?rest_route=\/wp\/v2\/posts\/66919\/revisions"}],"predecessor-version":[{"id":66921,"href":"https:\/\/zonaroja.com.mx\/index.php?rest_route=\/wp\/v2\/posts\/66919\/revisions\/66921"}],"wp:featuredmedia":[{"embeddable":true,"href":"https:\/\/zonaroja.com.mx\/index.php?rest_route=\/wp\/v2\/media\/66920"}],"wp:attachment":[{"href":"https:\/\/zonaroja.com.mx\/index.php?rest_route=%2Fwp%2Fv2%2Fmedia&parent=66919"}],"wp:term":[{"taxonomy":"category","embeddable":true,"href":"https:\/\/zonaroja.com.mx\/index.php?rest_route=%2Fwp%2Fv2%2Fcategories&post=66919"},{"taxonomy":"post_tag","embeddable":true,"href":"https:\/\/zonaroja.com.mx\/index.php?rest_route=%2Fwp%2Fv2%2Ftags&post=66919"}],"curies":[{"name":"wp","href":"https:\/\/api.w.org\/{rel}","templated":true}]}}