{"id":66929,"date":"2024-04-02T13:27:00","date_gmt":"2024-04-02T19:27:00","guid":{"rendered":"http:\/\/www.zonaroja.com.mx\/?p=66929"},"modified":"2024-04-02T07:31:26","modified_gmt":"2024-04-02T13:31:26","slug":"amlo-y-la-cnte-acuerdan-la-derogacion-de-la-reforma-educativa-de-pena-nieto","status":"publish","type":"post","link":"https:\/\/zonaroja.com.mx\/?p=66929","title":{"rendered":"AMLO y la CNTE acuerdan la derogaci\u00f3n de la reforma educativa de Pe\u00f1a Nieto"},"content":{"rendered":"\n<p>Redacci\u00f3n\/Zona Roja Cdmx. Foto: Archivo.<\/p>\n\n\n\n<p>Ciudad de M\u00e9xico, a 2 de abril de 2024.- Con un encuentro de poco m\u00e1s de tres horas, en Palacio Nacional, se reanud\u00f3 el di\u00e1logo entre el presidente Andr\u00e9s Manuel L\u00f3pez Obrador y dirigentes de la Coordinadora Nacional de Trabajadores de la Educaci\u00f3n, en el cual acordaron dar seguimiento a demandas puntuales como la reinstalaci\u00f3n de 172 maestros; la abrogaci\u00f3n total de la reforma educativa de Enrique Pe\u00f1a Nieto; esclarecimiento del asesinato del normalista de Ayoztinapa ocurrido recientemente y el aumento salarial.<\/p>\n\n\n\n<p>As\u00ed lo dio a conocer el dirigente de la secci\u00f3n IX de la CNTE, Pedro Hern\u00e1ndez quien destac\u00f3 que otro de los acuerdos alcanzados es una nueva reuni\u00f3n el pr\u00f3ximo 15 de abril, para dar seguimiento al documento que le entregaron a L\u00f3pez Obrador, quien estuvo acompa\u00f1ado por la secretaria de Educaci\u00f3n P\u00fablica, Leticia&nbsp;Ram\u00edrez y Gobernaci\u00f3n, as\u00ed como por funcionarios de la secretar\u00eda de Hacienda, la titular del ISSSTE, Bertha Alcalde. A pesar de ello, consider\u00f3 que muchos de los problemas del magisterio no se han podido resolver.<\/p>\n\n\n\n<p>Sin embargo, esto no modificar\u00e1 la determinaci\u00f3n de la CNTE de realizar un paro nacional ese d\u00eda como ya lo hab\u00edan acordado en asamblea nacional del CNTE. Hernandez reconoci\u00f3 que al comenzar el di\u00e1logo, aunque fue&nbsp;bueno&nbsp;t\u00e9rminos generales, hubo recriminaciones en torno a las razones de suspender los encuentros desde diciembre de 2020.<\/p>\n\n\n\n<p>El presidente lo atribuy\u00f3 a desencuentros, pero para la CNTE en el fondo fue que el gobierno federal privilegi\u00f3 el di\u00e1logo con el charrismo sindical, al punto que fue premiado con una candidatura plurinominal el dirigente del Sindicato Nacional de Trabajadores de la Educaci\u00f3n, Alfonso Cepeda.<\/p>\n\n\n\n<p>\u201cEntendemos que tambi\u00e9n es una parte de alianzas y de privilegiar votos y dem\u00e1s\u201d, dijo Hern\u00e1ndez. Lament\u00f3 la interrupci\u00f3n del di\u00e1logo con la CNTE desde 2020 porque esto ha implicado que se acumulen m\u00e1s problemas en el magisterio como lo han demostrado las movilizaciones de diversas secciones en Chiapas, Michoac\u00e1n, Guerrero y en la Ciudad de M\u00e9xico.<\/p>\n\n\n\n<p>Destac\u00f3 que la CNTE es independiente de partidos pol\u00edticos, gobiernos y de ideolog\u00edas y aun cuando no hubo un planteamiento expreso contra la candidatura del l\u00edder del SNTE si hubo un pronunciamiento contra el corporativismo.<\/p>\n\n\n\n<p>En el documento entregado a L\u00f3pez Obrador, la CNTE demanda:<\/p>\n\n\n\n<p>Respeto absoluto al movimiento magisterial democr\u00e1tico de la CNTE; abrogaci\u00f3n de la reforma educativa que pone en un r\u00e9gimen de excepci\u00f3n laboral a todos los trabajadores de la educaci\u00f3n; estabilidad en el empleo y reinstalaci\u00f3n a los cesados por las reformas educativas, hacendaria y el activismo social (aunque reconocieron que han logrado la reinstalaci\u00f3n de mil compa\u00f1eros); aumento salarial del 100 por ciento directo al sueldo base; abrogaci\u00f3n de la ley del ISSSTE y retorno al sistema solidario , sin Unidades de Medida Administrativa; servicios de salud dignos; federalizaci\u00f3n de la n\u00f3mina magisterial; cese de las represiones hacia las organizaciones sociales y las normales p\u00fablicas en el pa\u00eds.<\/p>\n\n\n\n<p>Ademas, alto al asesinato de estudiantes de las normales rurales; reparaci\u00f3n integral de los da\u00f1os por los cr\u00edmenes de lesa humanidad de los normalistas de Ayiotzinapa y reinstlaci\u00f3n del di\u00e1logo con los padres de los 43 normalistas desaprecidos.<\/p>\n\n\n\n<p>(Informaci\u00f3n de \u201cLa Jornada\u201d)<\/p>\n","protected":false},"excerpt":{"rendered":"<p>Redacci\u00f3n\/Zona Roja Cdmx. Foto: Archivo. Ciudad de M\u00e9xico, a 2 de abril de 2024.- Con&hellip;<\/p>\n","protected":false},"author":2,"featured_media":66930,"comment_status":"closed","ping_status":"open","sticky":false,"template":"","format":"standard","meta":{"_lmt_disableupdate":"","_lmt_disable":"","_jetpack_memberships_contains_paid_content":false,"footnotes":""},"categories":[109,46],"tags":[143,312],"class_list":["post-66929","post","type-post","status-publish","format-standard","has-post-thumbnail","hentry","category-minuto-a-minuto","category-zona-blanca","tag-andres-manuel-lopez-obrador","tag-seccion-22-del-snte"],"jetpack_featured_media_url":"https:\/\/zonaroja.com.mx\/wp-content\/uploads\/2024\/04\/Yenny-Aracely-y-Lopez-Obrador.png","jetpack_sharing_enabled":true,"_links":{"self":[{"href":"https:\/\/zonaroja.com.mx\/index.php?rest_route=\/wp\/v2\/posts\/66929","targetHints":{"allow":["GET"]}}],"collection":[{"href":"https:\/\/zonaroja.com.mx\/index.php?rest_route=\/wp\/v2\/posts"}],"about":[{"href":"https:\/\/zonaroja.com.mx\/index.php?rest_route=\/wp\/v2\/types\/post"}],"author":[{"embeddable":true,"href":"https:\/\/zonaroja.com.mx\/index.php?rest_route=\/wp\/v2\/users\/2"}],"replies":[{"embeddable":true,"href":"https:\/\/zonaroja.com.mx\/index.php?rest_route=%2Fwp%2Fv2%2Fcomments&post=66929"}],"version-history":[{"count":1,"href":"https:\/\/zonaroja.com.mx\/index.php?rest_route=\/wp\/v2\/posts\/66929\/revisions"}],"predecessor-version":[{"id":66931,"href":"https:\/\/zonaroja.com.mx\/index.php?rest_route=\/wp\/v2\/posts\/66929\/revisions\/66931"}],"wp:featuredmedia":[{"embeddable":true,"href":"https:\/\/zonaroja.com.mx\/index.php?rest_route=\/wp\/v2\/media\/66930"}],"wp:attachment":[{"href":"https:\/\/zonaroja.com.mx\/index.php?rest_route=%2Fwp%2Fv2%2Fmedia&parent=66929"}],"wp:term":[{"taxonomy":"category","embeddable":true,"href":"https:\/\/zonaroja.com.mx\/index.php?rest_route=%2Fwp%2Fv2%2Fcategories&post=66929"},{"taxonomy":"post_tag","embeddable":true,"href":"https:\/\/zonaroja.com.mx\/index.php?rest_route=%2Fwp%2Fv2%2Ftags&post=66929"}],"curies":[{"name":"wp","href":"https:\/\/api.w.org\/{rel}","templated":true}]}}