{"id":66934,"date":"2024-04-03T13:39:00","date_gmt":"2024-04-03T19:39:00","guid":{"rendered":"http:\/\/www.zonaroja.com.mx\/?p=66934"},"modified":"2024-04-03T20:54:31","modified_gmt":"2024-04-04T02:54:31","slug":"reinicia-tercer-conservatorio-de-periodismo-oaxaca-2024","status":"publish","type":"post","link":"https:\/\/zonaroja.com.mx\/?p=66934","title":{"rendered":"Reinicia Tercer Conversatorio de Periodismo Oaxaca 2024"},"content":{"rendered":"\n<p>Redacci\u00f3n\/Zona Roja<\/p>\n\n\n\n<p>Oaxaca de Ju\u00e1rez, Oax., a 3 de abril de 2024.- Una serie de actividades acad\u00e9micas contempla el Tercer Conservatorio de Periodismo 2024 que tiene como t\u00edtulo \u201cPara qu\u00e9 construir la historia de la prensa en Oaxaca\u201d, a realizarse en abril del presente a\u00f1o.<\/p>\n\n\n\n<p>El programa inicia con la presentaci\u00f3n de colecciones de diarios que han surgido en la ciudad de Oaxaca y que han dejado huella en la historia del periodismo estatal y nacional.<\/p>\n\n\n\n<p>De esta forma, el pr\u00f3ximo 5 de abril de 2024, a las 18:00 horas, en la Hemeroteca P\u00fablica de Oaxaca \u201cN\u00e9stor S\u00e1nchez Hern\u00e1ndez\u201d, se presenta la colecci\u00f3n del Peri\u00f3dico \u201cCantera\u201d, una publicaci\u00f3n cr\u00edtica y de alta calidad editorial, y ser\u00e1n expositores los periodistas, Ernesto Reyes y Razhy Gonz\u00e1lez, quienes fueron directivos de este rotativo.<\/p>\n\n\n\n<p>Tambi\u00e9n la periodista y activista, Aline Castellanos y &nbsp;la exreportera y arquitecta, Minerva Reyes, quienes formaron parte de la redacci\u00f3n de este diario, ya desaparecido.<\/p>\n\n\n\n<p>Por otro lado, el 12 de abril de 2024, a las 18:00 horas, en la Hemeroteca P\u00fablica de Oaxaca, el Tercer Conservatorio de Periodismo 2024 &nbsp;presenta la conferencia, \u201cPara qu\u00e9 &nbsp;construir la historia en Oaxaca\u201d, &nbsp;con la participaci\u00f3n &nbsp;del doctor Carlos S\u00e1nchez Silva y del maestro Francisco Jos\u00e9 Ruiz Cervantes, ambos del Instituto de Investigaciones en Humanidades de la Universidad Aut\u00f3noma \u201cBenito Ju\u00e1rez\u201d de Oaxaca (IIH-UABJO).<\/p>\n\n\n\n<p>En tanto, el 19 de abril de 2024, en la Hemeroteca P\u00fablica de Oaxaca, tambi\u00e9n a las 18:00 horas, los decanos del periodismo en Oaxaca, Leandro Hern\u00e1ndez Romero y Carlos Cervantes, dictar\u00e1n la conferencia, \u201cPara qu\u00e9 construir la historia de la prensa en Oaxaca\u201d.<\/p>\n\n\n\n<p>El mes de actividades del Tercer Conservatorio de Periodismo 2024 cierra con el fomento a la lectura de obras sobre periodismo.&nbsp;<\/p>\n\n\n\n<p>As\u00ed, el 24 de abril, a las 18: 30 horas, en la Biblioteca P\u00fablica de Oaxaca, Wilfrido L\u00f3pez Torres y la soci\u00f3loga y mediadora de lectura, Cristina Salazar Acevedo, realizar\u00e1n la presentaci\u00f3n del Primer Club Virtual de Lectura para Periodistas.<\/p>\n\n\n\n<p>En todas estas actividades son bienvenidos todas y todos; el acceso es libre. &nbsp;La invitaci\u00f3n la realizan, Francisco J. S\u00e1nchez, Wilfrido L\u00f3pez Torres y Antonio Guti\u00e9rrez Sumano, organizadores del Tercer Conservatorio de Periodismo 2024.<\/p>\n","protected":false},"excerpt":{"rendered":"<p>Redacci\u00f3n\/Zona Roja Oaxaca de Ju\u00e1rez, Oax., a 3 de abril de 2024.- Una serie de&hellip;<\/p>\n","protected":false},"author":2,"featured_media":55721,"comment_status":"closed","ping_status":"open","sticky":false,"template":"","format":"standard","meta":{"_lmt_disableupdate":"","_lmt_disable":"","_jetpack_memberships_contains_paid_content":false,"footnotes":""},"categories":[109,46],"tags":[],"class_list":["post-66934","post","type-post","status-publish","format-standard","has-post-thumbnail","hentry","category-minuto-a-minuto","category-zona-blanca"],"jetpack_featured_media_url":"https:\/\/zonaroja.com.mx\/wp-content\/uploads\/2023\/05\/Prensa-periodistas-periodismo-medios.jpg","jetpack_sharing_enabled":true,"_links":{"self":[{"href":"https:\/\/zonaroja.com.mx\/index.php?rest_route=\/wp\/v2\/posts\/66934","targetHints":{"allow":["GET"]}}],"collection":[{"href":"https:\/\/zonaroja.com.mx\/index.php?rest_route=\/wp\/v2\/posts"}],"about":[{"href":"https:\/\/zonaroja.com.mx\/index.php?rest_route=\/wp\/v2\/types\/post"}],"author":[{"embeddable":true,"href":"https:\/\/zonaroja.com.mx\/index.php?rest_route=\/wp\/v2\/users\/2"}],"replies":[{"embeddable":true,"href":"https:\/\/zonaroja.com.mx\/index.php?rest_route=%2Fwp%2Fv2%2Fcomments&post=66934"}],"version-history":[{"count":3,"href":"https:\/\/zonaroja.com.mx\/index.php?rest_route=\/wp\/v2\/posts\/66934\/revisions"}],"predecessor-version":[{"id":66974,"href":"https:\/\/zonaroja.com.mx\/index.php?rest_route=\/wp\/v2\/posts\/66934\/revisions\/66974"}],"wp:featuredmedia":[{"embeddable":true,"href":"https:\/\/zonaroja.com.mx\/index.php?rest_route=\/wp\/v2\/media\/55721"}],"wp:attachment":[{"href":"https:\/\/zonaroja.com.mx\/index.php?rest_route=%2Fwp%2Fv2%2Fmedia&parent=66934"}],"wp:term":[{"taxonomy":"category","embeddable":true,"href":"https:\/\/zonaroja.com.mx\/index.php?rest_route=%2Fwp%2Fv2%2Fcategories&post=66934"},{"taxonomy":"post_tag","embeddable":true,"href":"https:\/\/zonaroja.com.mx\/index.php?rest_route=%2Fwp%2Fv2%2Ftags&post=66934"}],"curies":[{"name":"wp","href":"https:\/\/api.w.org\/{rel}","templated":true}]}}