{"id":66938,"date":"2024-04-02T16:22:47","date_gmt":"2024-04-02T22:22:47","guid":{"rendered":"http:\/\/www.zonaroja.com.mx\/?p=66938"},"modified":"2024-04-02T16:22:48","modified_gmt":"2024-04-02T22:22:48","slug":"ejecutan-a-balazos-a-taxista-de-guerrero-en-territorio-oaxaqueno","status":"publish","type":"post","link":"https:\/\/zonaroja.com.mx\/?p=66938","title":{"rendered":"Ejecutan a balazos a taxista de Guerrero en territorio oaxaque\u00f1o"},"content":{"rendered":"\n<p>Raymundo Morales\/Zona Roja.<\/p>\n\n\n\n<p>Oaxaca de Ju\u00e1rez, Oax., a 2 de abril de 2024.- Un taxista fue asesinado a balazos la ma\u00f1ana de hoy y despu\u00e9s arrollado por una unidad de motor, en jurisdicci\u00f3n del municipio de Santiago Pinotepa Nacional, Oaxaca.<\/p>\n\n\n\n<p>El crimen se perpetr\u00f3 alrededor de las 07:00 horas en la carretera federal 200 Pinotepa-Acapulco, a la altura del kil\u00f3metro 235+800, jurisdicci\u00f3n de Mancuernas, localidad de esta entidad.<\/p>\n\n\n\n<p>La v\u00edctima fue identificada Iv\u00e1n M. S., de 36 a\u00f1os de edad, originario y vecino de Ometepec, Guerrero, quien conduc\u00eda un taxi con n\u00famero econ\u00f3mico 0107, placa de circulaci\u00f3n A-107-FLF de Guerrero.<\/p>\n\n\n\n<p>Una mujer, presuntamente su familiar, identific\u00f3 el cad\u00e1ver y exigi\u00f3 a las autoridades ministeriales indagar el crimen.<\/p>\n\n\n\n<p>Personal de la Fiscal\u00eda General del Estado arrib\u00f3 a la escena para iniciar las indagatorias correspondientes.<\/p>\n","protected":false},"excerpt":{"rendered":"<p>Raymundo Morales\/Zona Roja. Oaxaca de Ju\u00e1rez, Oax., a 2 de abril de 2024.- Un taxista&hellip;<\/p>\n","protected":false},"author":2,"featured_media":66939,"comment_status":"closed","ping_status":"open","sticky":false,"template":"","format":"standard","meta":{"_lmt_disableupdate":"","_lmt_disable":"","_jetpack_memberships_contains_paid_content":false,"footnotes":""},"categories":[109,51],"tags":[916],"class_list":["post-66938","post","type-post","status-publish","format-standard","has-post-thumbnail","hentry","category-minuto-a-minuto","category-zona-roja","tag-pinotepa-nacional"],"jetpack_featured_media_url":"https:\/\/zonaroja.com.mx\/wp-content\/uploads\/2024\/04\/Asesinado-en-Mancuernas-Pinoepa.jpeg","jetpack_sharing_enabled":true,"_links":{"self":[{"href":"https:\/\/zonaroja.com.mx\/index.php?rest_route=\/wp\/v2\/posts\/66938","targetHints":{"allow":["GET"]}}],"collection":[{"href":"https:\/\/zonaroja.com.mx\/index.php?rest_route=\/wp\/v2\/posts"}],"about":[{"href":"https:\/\/zonaroja.com.mx\/index.php?rest_route=\/wp\/v2\/types\/post"}],"author":[{"embeddable":true,"href":"https:\/\/zonaroja.com.mx\/index.php?rest_route=\/wp\/v2\/users\/2"}],"replies":[{"embeddable":true,"href":"https:\/\/zonaroja.com.mx\/index.php?rest_route=%2Fwp%2Fv2%2Fcomments&post=66938"}],"version-history":[{"count":1,"href":"https:\/\/zonaroja.com.mx\/index.php?rest_route=\/wp\/v2\/posts\/66938\/revisions"}],"predecessor-version":[{"id":66940,"href":"https:\/\/zonaroja.com.mx\/index.php?rest_route=\/wp\/v2\/posts\/66938\/revisions\/66940"}],"wp:featuredmedia":[{"embeddable":true,"href":"https:\/\/zonaroja.com.mx\/index.php?rest_route=\/wp\/v2\/media\/66939"}],"wp:attachment":[{"href":"https:\/\/zonaroja.com.mx\/index.php?rest_route=%2Fwp%2Fv2%2Fmedia&parent=66938"}],"wp:term":[{"taxonomy":"category","embeddable":true,"href":"https:\/\/zonaroja.com.mx\/index.php?rest_route=%2Fwp%2Fv2%2Fcategories&post=66938"},{"taxonomy":"post_tag","embeddable":true,"href":"https:\/\/zonaroja.com.mx\/index.php?rest_route=%2Fwp%2Fv2%2Ftags&post=66938"}],"curies":[{"name":"wp","href":"https:\/\/api.w.org\/{rel}","templated":true}]}}