{"id":66943,"date":"2024-04-02T16:27:47","date_gmt":"2024-04-02T22:27:47","guid":{"rendered":"http:\/\/www.zonaroja.com.mx\/?p=66943"},"modified":"2024-04-02T16:27:49","modified_gmt":"2024-04-02T22:27:49","slug":"a-una-semana-activos-cinco-incendios-forestales-en-el-zona-de-los-chimalapas","status":"publish","type":"post","link":"https:\/\/zonaroja.com.mx\/?p=66943","title":{"rendered":"A una semana, activos cinco incendios\u00a0 forestales en el zona de los Chimalapas\u00a0"},"content":{"rendered":"\n<p>Yuridiana Sosa\/ Zona Roja.<\/p>\n\n\n\n<p>Oaxaca de Ju\u00e1rez, Oax., a 2 de abril de 2024.- El incendio forestal en la zona de los Chimalapas, que afecta selva y bosque, en la regi\u00f3n del Istmo, cumpli\u00f3 una semana y suman m\u00e1s de cinco mil hect\u00e1reas las afectadas.<\/p>\n\n\n\n<p>De acuerdo con el reporte m\u00e1s reciente de la Coesfo, con corte al 31 de marzo, el fuego en Santa Mar\u00eda Chimapala\u00a0 y San Miguel Chimalapa se encontraba al 50 por ciento de su liquidaci\u00f3n, en cada uno.\u00a0<\/p>\n\n\n\n<p>Los incendios estos ubicados en los parajes de \u00abLa Ciruela\u00bb, \u00abLa Miner\u00eda\u00bb, \u00abR\u00edo Grande 1 y 2\u00bb, \u00abMagipono\u00bb y \u00abBenito Ju\u00e1rez\u00bb, inform\u00f3 la titular de la Comisi\u00f3n Estatal Forestal (Coesfo), Magdalena Coello Castillo.<\/p>\n\n\n\n<p>Dio a conocer que con apoyo de una helic\u00f3ptero a partir del 1 de abril comenz\u00f3 con el ingreso de nueve brigadas de combatientes, de la Comisi\u00f3n Estatal Forestal, Comisi\u00f3n Nacional Forestal y la Comisi\u00f3n Nacional de \u00c1reas Naturales Protegidas a los incendios de \u00abEl Ciruelo\u00bb y \u00abBenito Ju\u00e1rez\u00bb, este \u00faltimo el m\u00e1s grande y con da\u00f1os en m\u00e1s de cinco mil hect\u00e1reas.<\/p>\n\n\n\n<p>Por ahora la aeronave servir\u00e1 para el traslado de los brigadistas y de v\u00edveres, pues los puntos de fuego se encuentran entre 10 y 12 horas de camino a pie, sin embargo, tambi\u00e9n se est\u00e1n adaptando las condiciones para hacer uso de cargas de agua y ayudar a sofocar las llamas desde las alturas.<\/p>\n\n\n\n<p>OTROS DATOS<\/p>\n\n\n\n<p>Al corte del pasado viernes, 29 de marzo, Oaxaca ocupaba el segundo lugar por m\u00e1s hect\u00e1reas afectadas en incendios forestales a nivel nacional.<\/p>\n\n\n\n<p>En Oaxaca se han registrado 84 incendios en lo que va del a\u00f1o, de los que ocho se mantienen activos.&nbsp;<\/p>\n\n\n\n<p>La titular de la Coesfo indic\u00f3 que aunque en la gran mayor\u00eda de los casos de desconocen las causas que gener\u00f3 los incendios forestales &#8211; en 63 eventos -, se mantienen como causa m\u00e1s com\u00fan las&nbsp;relacionadas&nbsp;a actividades agropecuarias, como actividades agr\u00edcolas, nueve; otras actividades productivas, do; quema de basureros, cuatro; fogatas y naturales, uno, respectivamente.&nbsp;<\/p>\n","protected":false},"excerpt":{"rendered":"<p>Yuridiana Sosa\/ Zona Roja. Oaxaca de Ju\u00e1rez, Oax., a 2 de abril de 2024.- El&hellip;<\/p>\n","protected":false},"author":2,"featured_media":41202,"comment_status":"closed","ping_status":"open","sticky":false,"template":"","format":"standard","meta":{"_lmt_disableupdate":"","_lmt_disable":"","_jetpack_memberships_contains_paid_content":false,"footnotes":""},"categories":[109,47],"tags":[3895],"class_list":["post-66943","post","type-post","status-publish","format-standard","has-post-thumbnail","hentry","category-minuto-a-minuto","category-zona-gris","tag-incendio-chimalapas"],"jetpack_featured_media_url":"https:\/\/zonaroja.com.mx\/wp-content\/uploads\/2022\/05\/Incendios-forestales.jpeg","jetpack_sharing_enabled":true,"_links":{"self":[{"href":"https:\/\/zonaroja.com.mx\/index.php?rest_route=\/wp\/v2\/posts\/66943","targetHints":{"allow":["GET"]}}],"collection":[{"href":"https:\/\/zonaroja.com.mx\/index.php?rest_route=\/wp\/v2\/posts"}],"about":[{"href":"https:\/\/zonaroja.com.mx\/index.php?rest_route=\/wp\/v2\/types\/post"}],"author":[{"embeddable":true,"href":"https:\/\/zonaroja.com.mx\/index.php?rest_route=\/wp\/v2\/users\/2"}],"replies":[{"embeddable":true,"href":"https:\/\/zonaroja.com.mx\/index.php?rest_route=%2Fwp%2Fv2%2Fcomments&post=66943"}],"version-history":[{"count":1,"href":"https:\/\/zonaroja.com.mx\/index.php?rest_route=\/wp\/v2\/posts\/66943\/revisions"}],"predecessor-version":[{"id":66944,"href":"https:\/\/zonaroja.com.mx\/index.php?rest_route=\/wp\/v2\/posts\/66943\/revisions\/66944"}],"wp:featuredmedia":[{"embeddable":true,"href":"https:\/\/zonaroja.com.mx\/index.php?rest_route=\/wp\/v2\/media\/41202"}],"wp:attachment":[{"href":"https:\/\/zonaroja.com.mx\/index.php?rest_route=%2Fwp%2Fv2%2Fmedia&parent=66943"}],"wp:term":[{"taxonomy":"category","embeddable":true,"href":"https:\/\/zonaroja.com.mx\/index.php?rest_route=%2Fwp%2Fv2%2Fcategories&post=66943"},{"taxonomy":"post_tag","embeddable":true,"href":"https:\/\/zonaroja.com.mx\/index.php?rest_route=%2Fwp%2Fv2%2Ftags&post=66943"}],"curies":[{"name":"wp","href":"https:\/\/api.w.org\/{rel}","templated":true}]}}