{"id":66945,"date":"2024-04-02T21:51:24","date_gmt":"2024-04-03T03:51:24","guid":{"rendered":"http:\/\/www.zonaroja.com.mx\/?p=66945"},"modified":"2024-04-02T21:51:25","modified_gmt":"2024-04-03T03:51:25","slug":"legisladores-impiden-dictaminar-ley-para-sancionar-ejecuciones-extrajudiciales","status":"publish","type":"post","link":"https:\/\/zonaroja.com.mx\/?p=66945","title":{"rendered":"Legisladores impiden dictaminar ley para sancionar ejecuciones extrajudiciales"},"content":{"rendered":"\n<p>Yuridiana Sosa\/ Zona Roja.<\/p>\n\n\n\n<p>Oaxaca de Ju\u00e1rez, Oax., a 2 de abril de 2024.- La Red Estatal de V\u00edctimas de Oaxaca \u201cTom\u00e1s Mart\u00ednez\u201d (REVO) denunci\u00f3 que integrantes de la Comisi\u00f3n de Administraci\u00f3n y Procuraci\u00f3n de Justicia del Congreso local se negaron a firmar el dictamen para emitir una ley que sancione las ejecuciones extrajudiciales.<\/p>\n\n\n\n<p>Frente al Palacio de Gobierno, y con el apoyo de la Secci\u00f3n 22 del SNTE, la organizaci\u00f3n exigi\u00f3 a la 65 Legislatura que se\u00f1alen de forma puntual cu\u00e1les fueron las supuestas observaciones por las que no se pudo avanzar para llevar la propuesta ante el pleno, programada para el 3 de abril<\/p>\n\n\n\n<p>A excepci\u00f3n de la diputada Lizette Arroyo, indicaron que los integrantes de la Comisi\u00f3n de Justicia se opusieron de forma sorpresiva a continuar con la propuesta de ley al se\u00f1alar supuestas observaciones por parte de la Consejer\u00eda Jur\u00eddica del gobierno.<\/p>\n\n\n\n<p>Esto a pesar que dos semanas atr\u00e1s la organizaci\u00f3n solicit\u00f3 que se indicara si hab\u00eda observaciones, a lo cual no hubo respuesta, pero a pocas horas de que pudiera ser votada la echaron abajo.<\/p>\n\n\n\n<p>Por ello exigieron a la 65 Legislatura y a la Consejer\u00eda Jur\u00eddica del gobierno que emitan por oficio o en mesa de trabajo las supuestas irregularidades que contempla su ley, para ser solucionadas las observaciones y sea votada antes de concluir la actual legislatura.<\/p>\n\n\n\n<p>Dicha ley, apuntaron, es una necesidad y exigencia de las organizaciones, defensores de derechos humanos y de familiares v\u00edctimas de las ejecuciones extrajudiciales.<\/p>\n\n\n\n<p>Indicaron que desde hace un a\u00f1o han trabajado en este propuesta, para la que han tenido el acompa\u00f1amiento de la la Fiscal\u00eda General del Estado de Oaxaca y el Tribunal Superior de Justicia.<\/p>\n\n\n\n<p>Representantes de la Secci\u00f3n 22 del SNTE advirtieron que van a mantener su respaldo a la exigencia de este ley.<\/p>\n\n\n\n<p>PROTESTA<\/p>\n\n\n\n<p>Por otra parte, familiares de presos de Eloxochitl\u00e1n de Flores Mag\u00f3n protestaron hoy en la sede del Poder Judicial federal, ubicada en San Bartolo Coyotepec, Oaxaca, ante audiencias sobre el caso de los presos.<\/p>\n\n\n\n<p>Familiares y activistas apuntaron que para&nbsp; este martes se program\u00f3 la audiencia de Jorge Betanzos, en la que se define su derecho de ser amparado contra lo que llaman una falsa acusaci\u00f3n.<\/p>\n\n\n\n<p>Betanzos como&nbsp;Marcelino Miram\u00f3n, son acusados del delito de incendio, del cual ya existen seis dict\u00e1menes que se\u00f1alan a ese delito&nbsp;como inexistente, por lo cual demandaron su libertad inmediata.<\/p>\n","protected":false},"excerpt":{"rendered":"<p>Yuridiana Sosa\/ Zona Roja. Oaxaca de Ju\u00e1rez, Oax., a 2 de abril de 2024.- La&hellip;<\/p>\n","protected":false},"author":2,"featured_media":0,"comment_status":"closed","ping_status":"open","sticky":false,"template":"","format":"standard","meta":{"_lmt_disableupdate":"","_lmt_disable":"","_jetpack_memberships_contains_paid_content":false,"footnotes":""},"categories":[1],"tags":[3331],"class_list":["post-66945","post","type-post","status-publish","format-standard","hentry","category-sin-categoria","tag-red-estatal-de-victimas-tomas-martinez"],"jetpack_featured_media_url":"","jetpack_sharing_enabled":true,"_links":{"self":[{"href":"https:\/\/zonaroja.com.mx\/index.php?rest_route=\/wp\/v2\/posts\/66945","targetHints":{"allow":["GET"]}}],"collection":[{"href":"https:\/\/zonaroja.com.mx\/index.php?rest_route=\/wp\/v2\/posts"}],"about":[{"href":"https:\/\/zonaroja.com.mx\/index.php?rest_route=\/wp\/v2\/types\/post"}],"author":[{"embeddable":true,"href":"https:\/\/zonaroja.com.mx\/index.php?rest_route=\/wp\/v2\/users\/2"}],"replies":[{"embeddable":true,"href":"https:\/\/zonaroja.com.mx\/index.php?rest_route=%2Fwp%2Fv2%2Fcomments&post=66945"}],"version-history":[{"count":1,"href":"https:\/\/zonaroja.com.mx\/index.php?rest_route=\/wp\/v2\/posts\/66945\/revisions"}],"predecessor-version":[{"id":66946,"href":"https:\/\/zonaroja.com.mx\/index.php?rest_route=\/wp\/v2\/posts\/66945\/revisions\/66946"}],"wp:attachment":[{"href":"https:\/\/zonaroja.com.mx\/index.php?rest_route=%2Fwp%2Fv2%2Fmedia&parent=66945"}],"wp:term":[{"taxonomy":"category","embeddable":true,"href":"https:\/\/zonaroja.com.mx\/index.php?rest_route=%2Fwp%2Fv2%2Fcategories&post=66945"},{"taxonomy":"post_tag","embeddable":true,"href":"https:\/\/zonaroja.com.mx\/index.php?rest_route=%2Fwp%2Fv2%2Ftags&post=66945"}],"curies":[{"name":"wp","href":"https:\/\/api.w.org\/{rel}","templated":true}]}}