{"id":66947,"date":"2024-04-02T22:00:06","date_gmt":"2024-04-03T04:00:06","guid":{"rendered":"http:\/\/www.zonaroja.com.mx\/?p=66947"},"modified":"2024-04-02T22:02:55","modified_gmt":"2024-04-03T04:02:55","slug":"que-siempre-no-el-candidato-a-regidor-en-celaya-no-murio","status":"publish","type":"post","link":"https:\/\/zonaroja.com.mx\/?p=66947","title":{"rendered":"Que siempre no: el candidato a regidor en Celaya no muri\u00f3"},"content":{"rendered":"\n<p>Redacci\u00f3n\/Zona Roja Cdmx.<\/p>\n\n\n\n<p>Ciudad de M\u00e9xico, a 2 de abril de 2024.- Contrario a lo que propal\u00f3 la secretaria de Seguridad del gobierno federal, Rosa Icela Rodr\u00edguez, el candidato a regidor en Celaya, Adri\u00e1n Guerrero Caracheo, no muri\u00f3 durante el ataque armado en que asesinaron a la aspirante a la alcald\u00eda, Gisela Gayt\u00e1n Guti\u00e9rrez.<\/p>\n\n\n\n<p>\u201cLamentamos los asesinatos de Bertha Gisela Gayt\u00e1n Guti\u00e9rrez, candidata a presidenta municipal en Celaya, Guanajuato, y de Adri\u00e1n Guerrero Caracheo, candidato a regidor en Celaya, Guanajuato\u201d, dijo la secretaria esta ma\u00f1ana, durante la conferencia del Presidente Andr\u00e9s Manuel L\u00f3pez Obrador.<\/p>\n\n\n\n<p>Sin embargo, alrededor del mediod\u00eda se comenz\u00f3 a divulgar que el candidato a concejal estar\u00eda desaparecido y no fue asesinado.&nbsp;<\/p>\n\n\n\n<p>M\u00e1s tarde se confirm\u00f3 que Adri\u00e1n Guerrero temi\u00f3 por su vida y se refugi\u00f3 con su familia, tras la balacera en la que asesinaron a la candidata a la alcald\u00eda de Celaya.<\/p>\n\n\n\n<p>Posteriormente entabl\u00f3 comunicaci\u00f3n con representantes de su partido, Morena, y les dio a conocer que se encuentra bien de salud, pero que estar\u00eda resguardado en alg\u00fan lugar por seguridad.<\/p>\n\n\n\n<p>Tambi\u00e9n el candidato a senador por Morena, Ricardo Sheffield, report\u00f3 que hab\u00eda fallecido, por ser una de las tres personas lesionadas durante el ataque en el que muri\u00f3 Gisela Gayt\u00e1n.<\/p>\n","protected":false},"excerpt":{"rendered":"<p>Redacci\u00f3n\/Zona Roja Cdmx. Ciudad de M\u00e9xico, a 2 de abril de 2024.- Contrario a lo&hellip;<\/p>\n","protected":false},"author":2,"featured_media":0,"comment_status":"closed","ping_status":"open","sticky":false,"template":"","format":"standard","meta":{"_lmt_disableupdate":"","_lmt_disable":"","_jetpack_memberships_contains_paid_content":false,"footnotes":""},"categories":[109,47],"tags":[],"class_list":["post-66947","post","type-post","status-publish","format-standard","hentry","category-minuto-a-minuto","category-zona-gris"],"jetpack_featured_media_url":"","jetpack_sharing_enabled":true,"_links":{"self":[{"href":"https:\/\/zonaroja.com.mx\/index.php?rest_route=\/wp\/v2\/posts\/66947","targetHints":{"allow":["GET"]}}],"collection":[{"href":"https:\/\/zonaroja.com.mx\/index.php?rest_route=\/wp\/v2\/posts"}],"about":[{"href":"https:\/\/zonaroja.com.mx\/index.php?rest_route=\/wp\/v2\/types\/post"}],"author":[{"embeddable":true,"href":"https:\/\/zonaroja.com.mx\/index.php?rest_route=\/wp\/v2\/users\/2"}],"replies":[{"embeddable":true,"href":"https:\/\/zonaroja.com.mx\/index.php?rest_route=%2Fwp%2Fv2%2Fcomments&post=66947"}],"version-history":[{"count":1,"href":"https:\/\/zonaroja.com.mx\/index.php?rest_route=\/wp\/v2\/posts\/66947\/revisions"}],"predecessor-version":[{"id":66948,"href":"https:\/\/zonaroja.com.mx\/index.php?rest_route=\/wp\/v2\/posts\/66947\/revisions\/66948"}],"wp:attachment":[{"href":"https:\/\/zonaroja.com.mx\/index.php?rest_route=%2Fwp%2Fv2%2Fmedia&parent=66947"}],"wp:term":[{"taxonomy":"category","embeddable":true,"href":"https:\/\/zonaroja.com.mx\/index.php?rest_route=%2Fwp%2Fv2%2Fcategories&post=66947"},{"taxonomy":"post_tag","embeddable":true,"href":"https:\/\/zonaroja.com.mx\/index.php?rest_route=%2Fwp%2Fv2%2Ftags&post=66947"}],"curies":[{"name":"wp","href":"https:\/\/api.w.org\/{rel}","templated":true}]}}