{"id":66955,"date":"2024-04-03T11:30:00","date_gmt":"2024-04-03T17:30:00","guid":{"rendered":"http:\/\/www.zonaroja.com.mx\/?p=66955"},"modified":"2024-04-03T07:10:04","modified_gmt":"2024-04-03T13:10:04","slug":"rector-de-la-uabjo-retiene-recursos-para-facultad-de-bellas-artes-y-pone-en-riesgo-proyectos","status":"publish","type":"post","link":"https:\/\/zonaroja.com.mx\/?p=66955","title":{"rendered":"Rector de la UABJO retiene recursos para Facultad de Bellas Artes y pone en riesgo proyectos"},"content":{"rendered":"\n<p>Yuridiana Sosa\/ Zona Roja.<\/p>\n\n\n\n<p>Oaxaca de Ju\u00e1rez, Oax., a 3 de abril de 2024.- Sin justificaci\u00f3n, el rector de la UABJO, Cristian \u00c9der Carre\u00f1o L\u00f3pez, suspendi\u00f3 los recursos financieros para la Facultad de Bellas Artes, lo que puede derivar en la p\u00e9rdida de un proyecto ganado &nbsp;con el Museo Smithsoniano de Arte Americano, de Estados Unidos.<\/p>\n\n\n\n<p>Pero adem\u00e1s, desde el mes de febrero tambi\u00e9n se suspendi\u00f3 el dinero para el pago de los salarios del personal de esta facultad, de la Universidad Aut\u00f3noma \u201cBenito Ju\u00e1rez\u201d de Oaxaca, a lo que el rector ha sido omiso a pesar de las diversas denuncias por las irregularidades en diferentes \u00e1mbitos.<\/p>\n\n\n\n<p>La comunidad universitaria denunci\u00f3 p\u00fablicamente los hechos en apoyo a la direcci\u00f3n de la Facultad que ha hecho lo posible para recibir atenci\u00f3n.<\/p>\n\n\n\n<p>La directora, Liliana Roc\u00edo Garc\u00eda Valent\u00edn, &nbsp;precis\u00f3 que existe la retenci\u00f3n total de todo tr\u00e1mite y recursos financieros para la Facultad de Bellas Artes,&nbsp; derivados de convenios proyectos, acuerdos de colaboraci\u00f3n y tr\u00e1mites que anteriormente ya hab\u00edan sido autorizados por la rector\u00eda.<\/p>\n\n\n\n<p>Pese a que el trabajo de esta facultad ha impulsado a la UABJO, se vio afectado el recurso del proyecto con el museo Smithsoniano; derivado de una convocatoria internacional la cual se concurs\u00f3 y se gan\u00f3 por parte de los investigadores de la facultad de Bellas Artes y Cidirt.<\/p>\n\n\n\n<p>Dicho recurso, dijo, es ministrado por el departamento de Estado de los Estados Unidos y el incumplimiento al convenio correspondiente puede derivar en dificultades posteriores para futuros proyectos con esta instituci\u00f3n e incluso con los Estados Unidos, no solo para la facultad de Bellas Artes, sino para la universidad.<\/p>\n\n\n\n<p>As\u00ed tambi\u00e9n fueron suspendidos los recursos que financia la Licenciatura en Gesti\u00f3n y Desarrollo Sustentable, mismo que emana de convenio y que se firma de forma anual con los diferentes rectorados desde el 2005. &nbsp;<\/p>\n\n\n\n<p>La directora enlist\u00f3 afectaciones en la n\u00f3mina adicional total de la para la primera y segunda &nbsp;quincena de febrero de 2024, as\u00ed como misma situaci\u00f3n para la primera y segunda quincena de marzo, &nbsp;adem\u00e1s de vi\u00e1ticos para maestros for\u00e1neos de la Licenciatura en M\u00fasica, mismos que se administran al programa desde el 2013 por los diferentes rectorados y que corresponden el funcionamiento de un semestre completo.<\/p>\n\n\n\n<p>Otros da\u00f1os son sobre la retenci\u00f3n para el incremento de horas de la Orquesta de C\u00e1mara, y alta a la n\u00f3mina, lo cual en su momento fue autorizado por la administraci\u00f3n y despu\u00e9s detenidos sin justificaci\u00f3n.<\/p>\n\n\n\n<p>\u201cSolicito respetuosamente que pueda girar instrucciones de manera inmediata para liberar dichos recursos y tr\u00e1mites que hacen posible la vida acad\u00e9mica y art\u00edstica de la facultad, ya que de lo contrario resulten perjuicio de la comunidad estudiantil docente y administrativa de la propia facultad, violatorio de los derechos de la misma y as\u00ed tambi\u00e9n violenta los acuerdos firmados con otras instituciones y con la propia facultad\u201d, manifest\u00f3 la directora Garc\u00eda Valent\u00edn en un en\u00e9simo oficio enviado el 1 de abril al rector.<\/p>\n\n\n\n<p>&nbsp;Por su parte, la comunidad conden\u00f3: &nbsp;\u201cParece que la\u00bbescucha \u00bb es\u00bbselectiva \u00bb ya que se est\u00e1 a punto de perder un proyecto internacional con el Museo Smithsoniano de Arte Americano, mismo que ha sido desarrollado, concursado y ganado por la Facultad de Bellas Artes\u201d.<\/p>\n\n\n\n<p>Esto tras la promesa de Carre\u00f1o L\u00f3pez de mantener la escucha activa de las necesidades de la comunidad universitaria durante su gesti\u00f3n.&nbsp;<\/p>\n","protected":false},"excerpt":{"rendered":"<p>Yuridiana Sosa\/ Zona Roja. Oaxaca de Ju\u00e1rez, Oax., a 3 de abril de 2024.- Sin&hellip;<\/p>\n","protected":false},"author":2,"featured_media":0,"comment_status":"closed","ping_status":"open","sticky":false,"template":"","format":"standard","meta":{"_lmt_disableupdate":"","_lmt_disable":"","_jetpack_memberships_contains_paid_content":false,"footnotes":""},"categories":[109,47],"tags":[3169],"class_list":["post-66955","post","type-post","status-publish","format-standard","hentry","category-minuto-a-minuto","category-zona-gris","tag-cristian-eder-carreno-lopez"],"jetpack_featured_media_url":"","jetpack_sharing_enabled":true,"_links":{"self":[{"href":"https:\/\/zonaroja.com.mx\/index.php?rest_route=\/wp\/v2\/posts\/66955","targetHints":{"allow":["GET"]}}],"collection":[{"href":"https:\/\/zonaroja.com.mx\/index.php?rest_route=\/wp\/v2\/posts"}],"about":[{"href":"https:\/\/zonaroja.com.mx\/index.php?rest_route=\/wp\/v2\/types\/post"}],"author":[{"embeddable":true,"href":"https:\/\/zonaroja.com.mx\/index.php?rest_route=\/wp\/v2\/users\/2"}],"replies":[{"embeddable":true,"href":"https:\/\/zonaroja.com.mx\/index.php?rest_route=%2Fwp%2Fv2%2Fcomments&post=66955"}],"version-history":[{"count":1,"href":"https:\/\/zonaroja.com.mx\/index.php?rest_route=\/wp\/v2\/posts\/66955\/revisions"}],"predecessor-version":[{"id":66956,"href":"https:\/\/zonaroja.com.mx\/index.php?rest_route=\/wp\/v2\/posts\/66955\/revisions\/66956"}],"wp:attachment":[{"href":"https:\/\/zonaroja.com.mx\/index.php?rest_route=%2Fwp%2Fv2%2Fmedia&parent=66955"}],"wp:term":[{"taxonomy":"category","embeddable":true,"href":"https:\/\/zonaroja.com.mx\/index.php?rest_route=%2Fwp%2Fv2%2Fcategories&post=66955"},{"taxonomy":"post_tag","embeddable":true,"href":"https:\/\/zonaroja.com.mx\/index.php?rest_route=%2Fwp%2Fv2%2Ftags&post=66955"}],"curies":[{"name":"wp","href":"https:\/\/api.w.org\/{rel}","templated":true}]}}