{"id":66957,"date":"2024-04-03T10:30:00","date_gmt":"2024-04-03T16:30:00","guid":{"rendered":"http:\/\/www.zonaroja.com.mx\/?p=66957"},"modified":"2024-04-03T06:57:37","modified_gmt":"2024-04-03T12:57:37","slug":"onu-y-amnistia-internacional-pide-a-mexico-indagado-omisiones-en-el-caso-de-camila","status":"publish","type":"post","link":"https:\/\/zonaroja.com.mx\/?p=66957","title":{"rendered":"ONU y Amnist\u00eda Internacional pide a M\u00e9xico indagado omisiones en el caso de Camila"},"content":{"rendered":"\n<p>Redacci\u00f3n\/Zona Roja Cdmx.<\/p>\n\n\n\n<p>Ciudad de M\u00e9xico, a 3 de abril de 2024.- La oficina del Alto Comisionado de las Naciones Unidas para los Derechos Humanos en M\u00e9xico (ONU-DH) denunci\u00f3 este lunes 1 de abril la \u201cpasividad\u201d de las autoridades ante el asesinato de la ni\u00f1a de 8 a\u00f1os, Camila G\u00f3mez Ortega, en Taxco de Alarc\u00f3n, en el estado sure\u00f1o de Guerrero.<\/p>\n\n\n\n<p>\u201cSomos conscientes del dolor y la frustraci\u00f3n de sectores de la sociedad ante la pasividad de las autoridades\u201d, reconoci\u00f3 el organismo en su cuenta de X, en la que record\u00f3 su papel de garantes de la \u201cprevenci\u00f3n, b\u00fasqueda y acceso a la justicia\u201d.<\/p>\n\n\n\n<p>El pasado mi\u00e9rcoles, la menor de edad Camila fue secuestrada y posteriormente asesinada, motivo por el que los pobladores protestaron y lincharon hasta la muerte a una mujer, quien fue golpeada junto con dos hombres, al ser se\u00f1alados como los presuntos responsables.<\/p>\n\n\n\n<p>El jueves, la Fiscal\u00eda General del Estado (FGE) de Guerrero dijo que investigaba la muerte de la menor como feminicidio y la muerte de la presunta responsable como homicidio calificado e inform\u00f3 de la detenci\u00f3n de los otros dos aparentes implicados.<\/p>\n\n\n\n<p>Mientras que el s\u00e1bado, la Fiscal\u00eda inform\u00f3 de la apertura de un proceso penal en contra de dos hombres, la pareja de la mujer y su hijo, menor de edad, quienes estaban en un hospital y bajo resguardo policial.<\/p>\n\n\n\n<p>A\u00fan as\u00ed, ONU-DH reprob\u00f3 el linchamiento, pues \u201cno es un acto de justicia, sino de barbarie\u201d, y reiter\u00f3 la necesidad de mecanismos de b\u00fasqueda \u201cinmediatos\u201d, as\u00ed como de protocolos de acci\u00f3n \u201ccoordinada\u201d entre autoridades para responder ante situaciones como la que se present\u00f3.<\/p>\n\n\n\n<p>\u201cVelando siempre por la protecci\u00f3n especial que se merecen las ni\u00f1as\u201d, apostill\u00f3 el organismo.<\/p>\n\n\n\n<p>El presidente de M\u00e9xico, Andr\u00e9s Manuel L\u00f3pez Obrador, afirm\u00f3 este lunes que \u201clas autoridades est\u00e1n actuando\u201d en la investigaci\u00f3n del caso de Camila.<\/p>\n\n\n\n<p>De hecho, prometi\u00f3 que este martes 2 de abril sus funcionarios de Seguridad Ciudadana, la Marina y la Defensa Nacional har\u00e1n un reporte \u201csobre todo lo que aconteci\u00f3 desde que sali\u00f3 la ni\u00f1a de su casa, cu\u00e1ndo la encontraron, las \u00f3rdenes de detenci\u00f3n, los actos estos de ajusticiamiento o linchamiento, y todos los antecedentes\u201d.<\/p>\n\n\n\n<p>Los hechos causaron conmoci\u00f3n a nivel nacional y despertaron reclamos de justicia de la candidata a la Presidencia de la oposici\u00f3n, X\u00f3chitl G\u00e1lvez, y de la Iglesia cat\u00f3lica, que el domingo asever\u00f3 en un editorial que \u201ceste hecho evidencia varios de los problemas que han fracturado el tejido social\u201d.<\/p>\n\n\n\n<p>En este sentido, ONU-DH mostr\u00f3 sus condolencias hacia la familia de Camila y hacia \u201cla sociedad que ha sido estremecida por el lamentable crimen.\u201d<\/p>\n\n\n\n<p>TAMBI\u00c9N AMNIST\u00cdA<\/p>\n\n\n\n<p>La organizaci\u00f3n Amnist\u00eda Internacional (AI) advirti\u00f3 este lunes que el Gobierno de M\u00e9xico debe \u201cinvestigar exhaustivamente las omisiones en que incurrieron autoridades\u201d en la desaparici\u00f3n y feminicidio de la ni\u00f1a de 8 a\u00f1os Camila G\u00f3mez Ortega en Taxco de Alarc\u00f3n.<\/p>\n\n\n\n<p>Adem\u00e1s, se deben investigar las omisiones durante la aprehensi\u00f3n de los presuntos responsables de los cr\u00edmenes, durante la contenci\u00f3n y dispersi\u00f3n de las personas en manifestaci\u00f3n del pasado mi\u00e9rcoles en Taxco.<\/p>\n\n\n\n<p>\u201cEsta situaci\u00f3n pone de manifiesto una vez m\u00e1s la incapacidad de las autoridades federales, estatales y municipales para actuar con la debida diligencia, particularmente con la celeridad en casos de urgencia, tal y como lo ha denunciado Amnist\u00eda Internacional desde hace d\u00e9cadas\u201d, dijo la AI en un comunicado.<\/p>\n\n\n\n<p>La ONG expuso que de acuerdo con la informaci\u00f3n que se ha podido conocer de las autoridades, como de la familia de Camila, si bien se realizaron acciones inmediatas para localizarla, \u201cde parte de la Fiscal\u00eda General del Estado de Guerrero no hubo celeridad en la emisi\u00f3n de la orden de aprehensi\u00f3n en contra de las personas que fueron se\u00f1aladas como probables responsables de la desaparici\u00f3n de la ni\u00f1a\u201d.<\/p>\n\n\n\n<p>Tampoco, dijo, hubo una actuaci\u00f3n eficaz por parte de polic\u00edas municipales, estatales, agentes del Ej\u00e9rcito y Guardia Nacional para salvaguardar la integridad y la vida de las personas que estaban siendo se\u00f1aladas como presuntas responsables.<\/p>\n\n\n\n<p>Adem\u00e1s, apunt\u00f3 AI, el Secretario de Seguridad de Taxco realiz\u00f3 declaraciones estigmatizantes que parecen responsabilizar a la madre de Camila de su desaparici\u00f3n y asesinato.<\/p>\n\n\n\n<p>\u201cLa revictimizaci\u00f3n de la madre por parte de autoridades locales es absolutamente inaceptable y desv\u00eda la atenci\u00f3n en vez de asumir las responsabilidades de garantizar a las mujeres y las ni\u00f1as una vida libre de violencia, as\u00ed como de actuar con debida diligencia durante una denuncia de desaparici\u00f3n\u201d, declar\u00f3 Edith Olivares Ferreto, directora ejecutiva de Amnist\u00eda Internacional M\u00e9xico.<\/p>\n\n\n\n<p>(Informaci\u00f3n de EFE en \u201cEl Financiero\u201d)<\/p>\n","protected":false},"excerpt":{"rendered":"<p>Redacci\u00f3n\/Zona Roja Cdmx. Ciudad de M\u00e9xico, a 3 de abril de 2024.- La oficina del&hellip;<\/p>\n","protected":false},"author":2,"featured_media":66769,"comment_status":"closed","ping_status":"open","sticky":false,"template":"","format":"standard","meta":{"_lmt_disableupdate":"","_lmt_disable":"","_jetpack_memberships_contains_paid_content":false,"footnotes":""},"categories":[109,47],"tags":[3888],"class_list":["post-66957","post","type-post","status-publish","format-standard","has-post-thumbnail","hentry","category-minuto-a-minuto","category-zona-gris","tag-camila-taxco"],"jetpack_featured_media_url":"https:\/\/zonaroja.com.mx\/wp-content\/uploads\/2024\/03\/Camila-Taxco-diario-de-Yucatan.webp","jetpack_sharing_enabled":true,"_links":{"self":[{"href":"https:\/\/zonaroja.com.mx\/index.php?rest_route=\/wp\/v2\/posts\/66957","targetHints":{"allow":["GET"]}}],"collection":[{"href":"https:\/\/zonaroja.com.mx\/index.php?rest_route=\/wp\/v2\/posts"}],"about":[{"href":"https:\/\/zonaroja.com.mx\/index.php?rest_route=\/wp\/v2\/types\/post"}],"author":[{"embeddable":true,"href":"https:\/\/zonaroja.com.mx\/index.php?rest_route=\/wp\/v2\/users\/2"}],"replies":[{"embeddable":true,"href":"https:\/\/zonaroja.com.mx\/index.php?rest_route=%2Fwp%2Fv2%2Fcomments&post=66957"}],"version-history":[{"count":1,"href":"https:\/\/zonaroja.com.mx\/index.php?rest_route=\/wp\/v2\/posts\/66957\/revisions"}],"predecessor-version":[{"id":66958,"href":"https:\/\/zonaroja.com.mx\/index.php?rest_route=\/wp\/v2\/posts\/66957\/revisions\/66958"}],"wp:featuredmedia":[{"embeddable":true,"href":"https:\/\/zonaroja.com.mx\/index.php?rest_route=\/wp\/v2\/media\/66769"}],"wp:attachment":[{"href":"https:\/\/zonaroja.com.mx\/index.php?rest_route=%2Fwp%2Fv2%2Fmedia&parent=66957"}],"wp:term":[{"taxonomy":"category","embeddable":true,"href":"https:\/\/zonaroja.com.mx\/index.php?rest_route=%2Fwp%2Fv2%2Fcategories&post=66957"},{"taxonomy":"post_tag","embeddable":true,"href":"https:\/\/zonaroja.com.mx\/index.php?rest_route=%2Fwp%2Fv2%2Ftags&post=66957"}],"curies":[{"name":"wp","href":"https:\/\/api.w.org\/{rel}","templated":true}]}}