{"id":66959,"date":"2024-04-03T09:30:00","date_gmt":"2024-04-03T15:30:00","guid":{"rendered":"http:\/\/www.zonaroja.com.mx\/?p=66959"},"modified":"2024-04-03T07:09:14","modified_gmt":"2024-04-03T13:09:14","slug":"sin-pistas-sobre-dos-adultos-y-un-menor-desaparecidos-en-oaxaca","status":"publish","type":"post","link":"https:\/\/zonaroja.com.mx\/?p=66959","title":{"rendered":"Sin pistas sobre dos adultos y un menor desaparecidos en Oaxaca"},"content":{"rendered":"\n<p>Yuridiana Sosa\/Zona Roja.<\/p>\n\n\n\n<p>Oaxaca de Ju\u00e1rez, Oax., a 3 de abril de 2024.- Familiares de dos adultos y de un menor de edad denunciaron lentitud de las autoridades en la b\u00fasqueda de sus desaparecidos, en hechos ocurridos en la Costa y la regi\u00f3n del Istmo.<\/p>\n\n\n\n<p>El pasado 20 de marzo se registr\u00f3 un hecho contra dos comerciantes originarios de Putla Villa de Guerrero, donde una de las \u00faltimas comunicaciones fue en Pinotepa Nacional para pedir ayuda econ\u00f3mica a sus familiares, tras ser detenida su marcha por la Polic\u00eda Vial del Estado.<\/p>\n\n\n\n<p>A casi dos semanas de lo ocurrido, integrantes de la organizaci\u00f3n Grupo Resistencia Civil se\u00f1al\u00f3 que la Fiscal\u00eda de Oaxaca, con sede en Pinotepa Nacional, ha argumentado falta de personal ante la prioridad institucional que era el operativo de Semana Santa.<\/p>\n\n\n\n<p>De acuerdo a los familiares, los dos j\u00f3venes comerciantes Fausto Jim\u00e9nez y Baldo Soriano llegaron a la comunidad de Corralero, en Pinotepa Nacional, hasta donde el pasado 26 de marzo los familiares de cada una de las v\u00edctimas llegaron para acompa\u00f1ar a elementos de la Fiscal\u00eda en el inicio de sus indagatorias, de las que no hubo \u00e9xito. &nbsp;<\/p>\n\n\n\n<p>Se\u00f1alaron que a pesar de acudir a los domicilios de las personas con las que tuvieron contacto por \u00faltima vez, no se ha podido conocer m\u00e1s de su paradero y la b\u00fasqueda oficial se detuvo.<\/p>\n\n\n\n<p>Previo a su desaparici\u00f3n, los comerciantes enviaron mensajes de voz para pedir a sus conocidos cinco mil pesos para concretar sus cargas, pues elementos de la Polic\u00eda Vial los detuvieron y les pidieron cuatro mil pesos.<\/p>\n\n\n\n<p>Desesperados emitieron una carta a las autoridades del estado, en especial del gobernador Salom\u00f3n Jara, para solicitar su intervenci\u00f3n.<\/p>\n\n\n\n<p>\u201cPorque entendemos que la justicia no se imparte para las personas humildes y trabajadoras que solo se han dedicado a generar econom\u00eda para el Estado y poder llevarle el sustento de cada d\u00eda a nuestras familias\u201d.<\/p>\n\n\n\n<p>En la carta se\u00f1alaron: \u201cLas autoridades de tr\u00e1nsito les solicitaron una multa para no trasladar al corral\u00f3n el veh\u00edculo donde circulaban en la zona\u201d.<\/p>\n\n\n\n<p>S\u00cd HAY B\u00daSQUEDA<\/p>\n\n\n\n<p>No obstante, la Fiscal\u00eda General del Estado precis\u00f3 que por cielo, mar y tierra buscan a Fausto Jim\u00e9nez Hern\u00e1ndez y Ubaldo Soriano Barrios, quienes desaparecieron el pasado 20 de marzo en la comunidad de Corralero en Pinotepa Nacional.<\/p>\n\n\n\n<p>Precis\u00f3 que desde hace unos d\u00edas, el operativo encabezado por la Agencia Estatal de Investigaciones se realiza en compa\u00f1\u00eda de familiares de las v\u00edctimas, con el apoyo de efectivos del Ej\u00e9rcito Mexicano, Guardia Nacional y elementos de la Polic\u00eda Estatal de la Secretar\u00eda de Seguridad y Protecci\u00f3n Ciudadana.<\/p>\n\n\n\n<p>Seg\u00fan testimonios de los familiares de las v\u00edctimas, la ma\u00f1ana del 20 de marzo de 2024, los dos hombres salieron de San Isidro del Estado, perteneciente a Putla Villa de Guerrero, a bordo de una camioneta pickup color rojo, para ir a traer cocos a Pinotepa Nacional en la Costa de Oaxaca.<\/p>\n\n\n\n<p>Seg\u00fan la familia, Fausto y Ubaldo, a trav\u00e9s de una llamada telef\u00f3nica les confirmaron que hab\u00edan llegado a Corralejo ese mismo d\u00eda, sin embargo, fue hasta la noche de ese mismo d\u00eda en que tuvieron comunicaci\u00f3n por \u00faltima vez.<\/p>\n\n\n\n<p>Ubaldo Soriano Barrios, de 34 a\u00f1os de edad, es originario de la Heroica Ciudad de Tlaxiaco y Fausto Jim\u00e9nez Hern\u00e1ndez, de 32 a\u00f1os, tiene su domicilio en la comunidad de San Isidro del Estado, Putla Villa de Guerrero.<\/p>\n\n\n\n<p>DESAPARECE MENOR<\/p>\n\n\n\n<p>Por otra parte, padres y amigos del menor Brandon Lindo S\u00e1nchez, de 13 a\u00f1os de edad y originario de Minatitl\u00e1n, Veracruz, denunciaron que ni la Fiscal\u00eda de Oaxaca ni autoridades locales han actuado ante la desaparici\u00f3n del adolescente de forma inexplicablemente entre las aguas de playa Aguachil en San Francisco Ixhuatan, Oaxaca.<\/p>\n\n\n\n<p>Brandon es un adolescente basquetbolista miembro del equipo \u00abCachorros Mina\u00bb, que se encontraba de vacaciones familiares en esas playas de la regi\u00f3n del Istmo.<\/p>\n\n\n\n<p>Sus familiares y equipo de basquetbol solicitan el apoyo de la Secretar\u00eda de Marina para realizar su b\u00fasqueda, pero hasta el momento no han iniciado la b\u00fasqueda ni se ha emitido la ficha por parte de la Fiscal\u00eda de Oaxaca para solicitar a la poblaci\u00f3n de su colaboraci\u00f3n para encontrarlo.&nbsp;<\/p>\n","protected":false},"excerpt":{"rendered":"<p>Yuridiana Sosa\/Zona Roja. Oaxaca de Ju\u00e1rez, Oax., a 3 de abril de 2024.- Familiares de&hellip;<\/p>\n","protected":false},"author":2,"featured_media":0,"comment_status":"closed","ping_status":"open","sticky":false,"template":"","format":"standard","meta":{"_lmt_disableupdate":"","_lmt_disable":"","_jetpack_memberships_contains_paid_content":false,"footnotes":""},"categories":[109,47],"tags":[425],"class_list":["post-66959","post","type-post","status-publish","format-standard","hentry","category-minuto-a-minuto","category-zona-gris","tag-protestan-familiares-de-desaparecidos-en-oaxaca"],"jetpack_featured_media_url":"","jetpack_sharing_enabled":true,"_links":{"self":[{"href":"https:\/\/zonaroja.com.mx\/index.php?rest_route=\/wp\/v2\/posts\/66959","targetHints":{"allow":["GET"]}}],"collection":[{"href":"https:\/\/zonaroja.com.mx\/index.php?rest_route=\/wp\/v2\/posts"}],"about":[{"href":"https:\/\/zonaroja.com.mx\/index.php?rest_route=\/wp\/v2\/types\/post"}],"author":[{"embeddable":true,"href":"https:\/\/zonaroja.com.mx\/index.php?rest_route=\/wp\/v2\/users\/2"}],"replies":[{"embeddable":true,"href":"https:\/\/zonaroja.com.mx\/index.php?rest_route=%2Fwp%2Fv2%2Fcomments&post=66959"}],"version-history":[{"count":1,"href":"https:\/\/zonaroja.com.mx\/index.php?rest_route=\/wp\/v2\/posts\/66959\/revisions"}],"predecessor-version":[{"id":66960,"href":"https:\/\/zonaroja.com.mx\/index.php?rest_route=\/wp\/v2\/posts\/66959\/revisions\/66960"}],"wp:attachment":[{"href":"https:\/\/zonaroja.com.mx\/index.php?rest_route=%2Fwp%2Fv2%2Fmedia&parent=66959"}],"wp:term":[{"taxonomy":"category","embeddable":true,"href":"https:\/\/zonaroja.com.mx\/index.php?rest_route=%2Fwp%2Fv2%2Fcategories&post=66959"},{"taxonomy":"post_tag","embeddable":true,"href":"https:\/\/zonaroja.com.mx\/index.php?rest_route=%2Fwp%2Fv2%2Ftags&post=66959"}],"curies":[{"name":"wp","href":"https:\/\/api.w.org\/{rel}","templated":true}]}}