{"id":66964,"date":"2024-04-03T12:36:00","date_gmt":"2024-04-03T18:36:00","guid":{"rendered":"http:\/\/www.zonaroja.com.mx\/?p=66964"},"modified":"2024-04-03T07:37:38","modified_gmt":"2024-04-03T13:37:38","slug":"habrian-asesinado-a-25-personas-en-chiapas-denuncia-ong","status":"publish","type":"post","link":"https:\/\/zonaroja.com.mx\/?p=66964","title":{"rendered":"Habr\u00edan asesinado a 25 personas en Chiapas, denuncia ONG"},"content":{"rendered":"\n<p>Redacci\u00f3n\/Zona Roja Cdmx.<\/p>\n\n\n\n<p>Ciudad de M\u00e9xico, a 3 de abril de 2024.- El Centro de Derechos de Derechos Humanos Fray Bartolom\u00e9 de Las Casas (Frayba), dijo tener conocimiento de que el domingo 31 de marzo ocurri\u00f3 \u201cuna masacre en la localidad Ni\u00f1os H\u00e9roes, municipio La Concordia, donde, de acuerdo con testimonios, fueron asesinadas alrededor de 25 personas en el marco de un enfrentamiento entre la Guardia Nacional y un grupo armado\u201d.<\/p>\n\n\n\n<p>En un comunicado hizo \u201cun en\u00e9rgico llamado al Estado mexicano a indagar esta masacre y a identificar las responsabilidades de la Guardia Nacional en el uso excesivo de la fuerza, asesinato de civiles y probables ejecuciones extrajudiciales\u201d.<\/p>\n\n\n\n<p>Sostuvo que \u201clas investigaciones deben de contemplar tambi\u00e9n la falta de prevenci\u00f3n diligente por parte de la Guardia Nacional respecto a los lamentables hechos\u201d sucedidos en La Concordia, situado en los l\u00edmites de la sierra de Chiapas.<\/p>\n\n\n\n<p>Se\u00f1al\u00f3 que en los hechos resultaron heridas y asesinadas personas de la poblaci\u00f3n civil que se encontraban esperando el transporte conocido como Chal\u00e1n (transbordador) para cruzar la presa de La Angostura, quienes quedaron atrapadas en medio del fuego cruzado\u201d.<\/p>\n\n\n\n<p>(Informaci\u00f3n de \u00abLa Jornada\u00bb)<\/p>\n","protected":false},"excerpt":{"rendered":"<p>Redacci\u00f3n\/Zona Roja Cdmx. Ciudad de M\u00e9xico, a 3 de abril de 2024.- El Centro de&hellip;<\/p>\n","protected":false},"author":2,"featured_media":0,"comment_status":"closed","ping_status":"open","sticky":false,"template":"","format":"standard","meta":{"_lmt_disableupdate":"","_lmt_disable":"","_jetpack_memberships_contains_paid_content":false,"footnotes":""},"categories":[109,51],"tags":[1746],"class_list":["post-66964","post","type-post","status-publish","format-standard","hentry","category-minuto-a-minuto","category-zona-roja","tag-violencia-en-mexico"],"jetpack_featured_media_url":"","jetpack_sharing_enabled":true,"_links":{"self":[{"href":"https:\/\/zonaroja.com.mx\/index.php?rest_route=\/wp\/v2\/posts\/66964","targetHints":{"allow":["GET"]}}],"collection":[{"href":"https:\/\/zonaroja.com.mx\/index.php?rest_route=\/wp\/v2\/posts"}],"about":[{"href":"https:\/\/zonaroja.com.mx\/index.php?rest_route=\/wp\/v2\/types\/post"}],"author":[{"embeddable":true,"href":"https:\/\/zonaroja.com.mx\/index.php?rest_route=\/wp\/v2\/users\/2"}],"replies":[{"embeddable":true,"href":"https:\/\/zonaroja.com.mx\/index.php?rest_route=%2Fwp%2Fv2%2Fcomments&post=66964"}],"version-history":[{"count":1,"href":"https:\/\/zonaroja.com.mx\/index.php?rest_route=\/wp\/v2\/posts\/66964\/revisions"}],"predecessor-version":[{"id":66965,"href":"https:\/\/zonaroja.com.mx\/index.php?rest_route=\/wp\/v2\/posts\/66964\/revisions\/66965"}],"wp:attachment":[{"href":"https:\/\/zonaroja.com.mx\/index.php?rest_route=%2Fwp%2Fv2%2Fmedia&parent=66964"}],"wp:term":[{"taxonomy":"category","embeddable":true,"href":"https:\/\/zonaroja.com.mx\/index.php?rest_route=%2Fwp%2Fv2%2Fcategories&post=66964"},{"taxonomy":"post_tag","embeddable":true,"href":"https:\/\/zonaroja.com.mx\/index.php?rest_route=%2Fwp%2Fv2%2Ftags&post=66964"}],"curies":[{"name":"wp","href":"https:\/\/api.w.org\/{rel}","templated":true}]}}