{"id":6697,"date":"2019-12-15T23:18:27","date_gmt":"2019-12-16T05:18:27","guid":{"rendered":"https:\/\/www.zonaroja.com.mx\/?p=6697"},"modified":"2019-12-15T23:18:30","modified_gmt":"2019-12-16T05:18:30","slug":"juchitan-violento-asesinan-a-punaladas-a-un-joven","status":"publish","type":"post","link":"https:\/\/zonaroja.com.mx\/?p=6697","title":{"rendered":"Juchit\u00e1n violento: asesinan a pu\u00f1aladas a un joven"},"content":{"rendered":"\n<p class=\"MsoNormal\">Redacci\u00f3n\/Zona Roja.<\/p>\n\n\n\n<p class=\"MsoNormal\">Oaxaca de Ju\u00e1rez, Oax., 15 de diciembre de 2019.- Un joven fue asesinado a pu\u00f1aladas al mediod\u00eda de este domingo en Juchit\u00e1n de Zaragoza.<\/p>\n\n\n\n<p class=\"MsoNormal\">La v\u00edctima presuntamente se resisti\u00f3 a un asalto por lo que fue atacado por el delincuente hasta sacarle los intestinos.&nbsp;<\/p>\n\n\n\n<p class=\"MsoNormal\">El hombre, de aproximadamente 20 a\u00f1os de edad, fue identificado de manera preliminar como Luis Antonio S. S. <\/p>\n\n\n\n<p>Poco m\u00e1s tarde, tambi\u00e9n en Juchit\u00e1n, una persona fue herida por disparos de arma de fuego. Los hechos en la colonia Emiliano Zapata de la Novena Secci\u00f3n; la v\u00edctima fue trasladada a un hospital.<\/p>\n\n\n\n<p class=\"MsoNormal\">\u201cNARCOMANTA\u201d EN SALINA CRUZ<\/p>\n\n\n\n<p class=\"MsoNormal\">Por otra parte, la ma\u00f1ana de este domingo fue localizada una supuesta \u201cnarcomanta\u201d, colgada en un puente de la refiner\u00eda \u201cIng. Antonio Doval\u00ed Jaime\u201d.<\/p>\n\n\n\n<p class=\"MsoNormal\">\u00abEsta va para ti Valeria marrana te tenemos bien ubicada y a toda tu bola de pendejos que estan contigo tienes 24 horas para largarte a chingar tu madre tienes las horas contadas perro te tenemos bien ubicado esto va tambien para ti marcos cristofer, Rumbera Tuga yova vamos a ir por ustedes perros atte. Cmte. Sombra\u00bb, refiere el mensaje.<\/p>\n\n\n\n<p class=\"MsoNormal\">Autoridades estatales guardaron hermetismo del caso, mientras que los polic\u00edas municipales no se dieron cuenta de qui\u00e9n o qui\u00e9nes colocaron esa manta.<\/p>\n","protected":false},"excerpt":{"rendered":"<p>Redacci\u00f3n\/Zona Roja. Oaxaca de Ju\u00e1rez, Oax., 15 de diciembre de 2019.- Un joven fue asesinado&hellip;<\/p>\n","protected":false},"author":2,"featured_media":6429,"comment_status":"closed","ping_status":"open","sticky":false,"template":"","format":"standard","meta":{"_lmt_disableupdate":"","_lmt_disable":"","_jetpack_memberships_contains_paid_content":false,"footnotes":""},"categories":[109,51],"tags":[123],"class_list":["post-6697","post","type-post","status-publish","format-standard","has-post-thumbnail","hentry","category-minuto-a-minuto","category-zona-roja","tag-juchitan-de-zaragoza"],"jetpack_featured_media_url":"https:\/\/zonaroja.com.mx\/wp-content\/uploads\/2019\/12\/IMG_1175.jpg","jetpack_sharing_enabled":true,"_links":{"self":[{"href":"https:\/\/zonaroja.com.mx\/index.php?rest_route=\/wp\/v2\/posts\/6697","targetHints":{"allow":["GET"]}}],"collection":[{"href":"https:\/\/zonaroja.com.mx\/index.php?rest_route=\/wp\/v2\/posts"}],"about":[{"href":"https:\/\/zonaroja.com.mx\/index.php?rest_route=\/wp\/v2\/types\/post"}],"author":[{"embeddable":true,"href":"https:\/\/zonaroja.com.mx\/index.php?rest_route=\/wp\/v2\/users\/2"}],"replies":[{"embeddable":true,"href":"https:\/\/zonaroja.com.mx\/index.php?rest_route=%2Fwp%2Fv2%2Fcomments&post=6697"}],"version-history":[{"count":1,"href":"https:\/\/zonaroja.com.mx\/index.php?rest_route=\/wp\/v2\/posts\/6697\/revisions"}],"predecessor-version":[{"id":6698,"href":"https:\/\/zonaroja.com.mx\/index.php?rest_route=\/wp\/v2\/posts\/6697\/revisions\/6698"}],"wp:featuredmedia":[{"embeddable":true,"href":"https:\/\/zonaroja.com.mx\/index.php?rest_route=\/wp\/v2\/media\/6429"}],"wp:attachment":[{"href":"https:\/\/zonaroja.com.mx\/index.php?rest_route=%2Fwp%2Fv2%2Fmedia&parent=6697"}],"wp:term":[{"taxonomy":"category","embeddable":true,"href":"https:\/\/zonaroja.com.mx\/index.php?rest_route=%2Fwp%2Fv2%2Fcategories&post=6697"},{"taxonomy":"post_tag","embeddable":true,"href":"https:\/\/zonaroja.com.mx\/index.php?rest_route=%2Fwp%2Fv2%2Ftags&post=6697"}],"curies":[{"name":"wp","href":"https:\/\/api.w.org\/{rel}","templated":true}]}}