{"id":66972,"date":"2024-04-03T16:46:33","date_gmt":"2024-04-03T22:46:33","guid":{"rendered":"http:\/\/www.zonaroja.com.mx\/?p=66972"},"modified":"2024-04-03T16:46:34","modified_gmt":"2024-04-03T22:46:34","slug":"desplazados-de-xoxocotlan-una-historia-de-52-meses-de-despojo-violento","status":"publish","type":"post","link":"https:\/\/zonaroja.com.mx\/?p=66972","title":{"rendered":"Desplazados de Xoxocotl\u00e1n, una historia de 52 meses de despojo violento\u00a0"},"content":{"rendered":"\n<p>Yuridiana Sosa\/ Zona Roja.<\/p>\n\n\n\n<p>Oaxaca de Ju\u00e1rez, Oax., a 3 de abril de 2024.- Familias desalojadas de forma violenta de sus viviendas en los parajes \u201cEl Coquito\u201d, \u201cLos M\u00e1ngales\u201d y \u201cLomas de Qu\u00edo\u201d, de Santa Cruz Xoxocotl\u00e1n, iniciaron una huelga de hambre para exigir la devoluci\u00f3n de sus bienes &nbsp;a m\u00e1s de cuatro a\u00f1os de los hechos.<\/p>\n\n\n\n<p>Cerca de las 07:00 horas de este mi\u00e9rcoles, una representaci\u00f3n de 30 familias que permanecen de forma provisional en domicilios en Santa Cruz Amilpas, arribaron a la puerta de Palacio de Gobierno para iniciar su protesta y demandar una mesa de di\u00e1logo con el gobernador Salom\u00f3n Jara Cruz.<\/p>\n\n\n\n<p>Los afectados se\u00f1alaron que el anterior gobierno de Alejandro Murat no les volvi\u00f3 a dar atenci\u00f3n tras su reubicaci\u00f3n en Santa Cruz Amilpas, y temen de la indiferencia del gobierno actual, con quien no ha habido el di\u00e1logo necesario para dar soluci\u00f3n a su demanda.<\/p>\n\n\n\n<p>\u201cA sangre y fuego nos quitaron nuestros terrenos para el cuartel de la Guardia Nacional\u201d, expresaron &nbsp;los desplazados, quienes aseguran que carecen de diversos servicios para vivir dignamente.<\/p>\n\n\n\n<p>Recordaron que el 19 de noviembre de 2019 fueron desalojados de forma violenta de sus viviendas en predios de Santa Cruz Xoxocotl\u00e1n; &nbsp;las familias corrieron entre las balas e incendios de sus casas para salvar sus vidas. &nbsp;<\/p>\n\n\n\n<p>Atr\u00e1s dejaron el patrimonio que comenzaron, pues contrario a versiones oficiales sobre la invasi\u00f3n de predios, las v\u00edctimas aseguran que cuentan con documentos que respaldan su propiedad. Como son actas de posesi\u00f3n, tras la compra de esos terrenos.<\/p>\n\n\n\n<p>LOS HECHOS<\/p>\n\n\n\n<p>De manera sorpresiva un grupo de \u201ccholos\u201d armados llegaron a las primeras horas de la ma\u00f1ana para causar terror en m\u00e1s de 100 familias.<\/p>\n\n\n\n<p>Los hechos presuntamente fueron dirigidos por el representante del Comisariado de Bienes Comunales de la zona, Silvano Reyes Medina, con la intenci\u00f3n de apoderarse de terrenos y venderlos. Los afectados se\u00f1alaron que cont\u00f3 con el apoyo de funcionarios del gobierno de Alejandro Murat.&nbsp;<\/p>\n\n\n\n<p>Como saldo de los hechos se contabiliz\u00f3 un aproximado de 100 viviendas quemadas, 14 mototaxis, 10 motocicletas y una camioneta destruidas e incendiadas; adem\u00e1s de animales muertos y robo de pertenencias. &nbsp;&nbsp;<\/p>\n\n\n\n<p>SIN SOLUCI\u00d3N<\/p>\n\n\n\n<p>Ante el desalojo, los afectados instalaron un plant\u00f3n afuera de Palacio de Gobierno por varios meses &nbsp;para exigir justicia al gobierno de Alejandro Murat.<\/p>\n\n\n\n<p>Sin ning\u00fan tipo de soluci\u00f3n, ocho meses despu\u00e9s del inicio de su protesta, los desplazados, movieron su protesta &nbsp;frente a Casa Oficial.&nbsp;<\/p>\n\n\n\n<p>A nueves meses de los hechos, en agosto de 2020, por \u00f3rdenes de la Secretar\u00eda General de Gobierno (Segego) llegaron a un espacio destinado a la preservaci\u00f3n ecol\u00f3gica en Etla, lo que caus\u00f3 el enojo de vecinos del lugar por temor a ser invadidos.<\/p>\n\n\n\n<p>Dicha molestia, y a\u00f1o del desalojo, &nbsp;llev\u00f3 a las familias nuevamente a las calles para pedir justicia, as\u00ed como la renuncia de Rub\u00e9n Vasconcelos por la desatenci\u00f3n y falta de investigaciones. &nbsp;<\/p>\n\n\n\n<p>La injusticia solo llev\u00f3 a m\u00e1s violencia, pues en mayo de 2021 se desat\u00f3 una vez m\u00e1s la disputa de predios en Xoxocotl\u00e1n, en particular en predios de \u201cLos Coquitos\u201d, presuntamente por parte de Silvano Reyes, ex Comisariado de Bienes Comunales de Xoxocotl\u00e1n.<\/p>\n\n\n\n<p>Por todo ello, a m\u00e1s de cuatro a\u00f1os de los sucesos violentos, las familias exigen justicia y al menos la reparaci\u00f3n del da\u00f1o que sufrieron y poder contar con espacios dignos para vivir, pues varias familias cuentan con menores de edad y adultos mayores.<\/p>\n","protected":false},"excerpt":{"rendered":"<p>Yuridiana Sosa\/ Zona Roja. Oaxaca de Ju\u00e1rez, Oax., a 3 de abril de 2024.- Familias&hellip;<\/p>\n","protected":false},"author":2,"featured_media":0,"comment_status":"closed","ping_status":"open","sticky":false,"template":"","format":"standard","meta":{"_lmt_disableupdate":"","_lmt_disable":"","_jetpack_memberships_contains_paid_content":false,"footnotes":""},"categories":[109,47],"tags":[133],"class_list":["post-66972","post","type-post","status-publish","format-standard","hentry","category-minuto-a-minuto","category-zona-gris","tag-santa-cruz-xoxocotlan"],"jetpack_featured_media_url":"","jetpack_sharing_enabled":true,"_links":{"self":[{"href":"https:\/\/zonaroja.com.mx\/index.php?rest_route=\/wp\/v2\/posts\/66972","targetHints":{"allow":["GET"]}}],"collection":[{"href":"https:\/\/zonaroja.com.mx\/index.php?rest_route=\/wp\/v2\/posts"}],"about":[{"href":"https:\/\/zonaroja.com.mx\/index.php?rest_route=\/wp\/v2\/types\/post"}],"author":[{"embeddable":true,"href":"https:\/\/zonaroja.com.mx\/index.php?rest_route=\/wp\/v2\/users\/2"}],"replies":[{"embeddable":true,"href":"https:\/\/zonaroja.com.mx\/index.php?rest_route=%2Fwp%2Fv2%2Fcomments&post=66972"}],"version-history":[{"count":1,"href":"https:\/\/zonaroja.com.mx\/index.php?rest_route=\/wp\/v2\/posts\/66972\/revisions"}],"predecessor-version":[{"id":66973,"href":"https:\/\/zonaroja.com.mx\/index.php?rest_route=\/wp\/v2\/posts\/66972\/revisions\/66973"}],"wp:attachment":[{"href":"https:\/\/zonaroja.com.mx\/index.php?rest_route=%2Fwp%2Fv2%2Fmedia&parent=66972"}],"wp:term":[{"taxonomy":"category","embeddable":true,"href":"https:\/\/zonaroja.com.mx\/index.php?rest_route=%2Fwp%2Fv2%2Fcategories&post=66972"},{"taxonomy":"post_tag","embeddable":true,"href":"https:\/\/zonaroja.com.mx\/index.php?rest_route=%2Fwp%2Fv2%2Ftags&post=66972"}],"curies":[{"name":"wp","href":"https:\/\/api.w.org\/{rel}","templated":true}]}}